{"id":4715,"date":"2026-04-21T14:10:12","date_gmt":"2026-04-21T12:10:12","guid":{"rendered":"https:\/\/22media.sk\/?p=4715"},"modified":"2026-04-21T14:28:37","modified_gmt":"2026-04-21T12:28:37","slug":"nullarol-millios-eleresig-a-figyelem-az-uj-valuta","status":"publish","type":"post","link":"https:\/\/22media.sk\/hu\/nullarol-millios-eleresig-a-figyelem-az-uj-valuta\/","title":{"rendered":"Null\u00e1r\u00f3l milli\u00f3s el\u00e9r\u00e9sig: A figyelem az \u00faj valuta"},"content":{"rendered":"\n<p>Az egyetemi napok alkalm\u00e1b\u00f3l a Selye J\u00e1nos Egyetem hallgat\u00f3ival k\u00f6z\u00f6sen mer\u00fclt\u00fcnk el a digit\u00e1lis marketing j\u00f6v\u0151j\u00e9ben. Frontember\u00fcnk \u00e9s CEO-nk, <strong>M\u00facska J\u00f3zsef<\/strong> tartott gyorstalpal\u00f3t a digit\u00e1lis marketing legfrissebb trendjeir\u0151l, r\u00e1vil\u00e1g\u00edtva: a figyelem\u00e9rt folytatott harcban a r\u00e9gi szab\u00e1lyk\u00f6nyvek m\u00e1r nem \u00e9rv\u00e9nyesek.<\/p>\n\n\n\n<h2 class=\"wp-block-heading\">A figyelemgazdas\u00e1g kora<\/h2>\n\n\n\n<p>A felhaszn\u00e1l\u00f3 figyelme ma a legsz\u0171k\u00f6sebb \u00e9s leg\u00e9rt\u00e9kesebb er\u0151forr\u00e1sunk. M\u00edg a klasszikus rekl\u00e1m megszak\u00edt \u00e9s gyakran kellemetlen, a j\u00f3 tartalom egyszer\u0171en <strong>bevonz<\/strong>. Ez a figyelem pedig ott van mindenki zseb\u00e9ben: a mobilon.<\/p>\n\n\n\n<figure class=\"wp-block-image size-large\"><img fetchpriority=\"high\" decoding=\"async\" width=\"768\" height=\"1024\" src=\"https:\/\/22media.sk\/wp-content\/uploads\/2026\/04\/IMG_0016-768x1024.jpg\" alt=\"\" class=\"wp-image-4731\" srcset=\"https:\/\/22media.sk\/wp-content\/uploads\/2026\/04\/IMG_0016-768x1024.jpg 768w, https:\/\/22media.sk\/wp-content\/uploads\/2026\/04\/IMG_0016-225x300.jpg 225w, https:\/\/22media.sk\/wp-content\/uploads\/2026\/04\/IMG_0016-1152x1536.jpg 1152w, https:\/\/22media.sk\/wp-content\/uploads\/2026\/04\/IMG_0016-1536x2048.jpg 1536w, https:\/\/22media.sk\/wp-content\/uploads\/2026\/04\/IMG_0016-scaled.jpg 1920w\" sizes=\"(max-width: 768px) 100vw, 768px\" \/><\/figure>\n\n\n\n<h2 class=\"wp-block-heading\">A social media halott, \u00e9ljen az interest media<\/h2>\n\n\n\n<p>A legnagyobb v\u00e1lt\u00e1s, amit minden m\u00e1rk\u00e1nak \u00e9rtenie kell: a k\u00f6z\u00f6ss\u00e9gi m\u00e9dia (social media) korszaka ut\u00e1n meg\u00e9rkezt\u00fcnk az <strong>\u00e9rdekl\u0151d\u00e9s-alap\u00fa m\u00e9di\u00e1ba<\/strong> (interest media).<\/p>\n\n\n\n<ul class=\"wp-block-list\">\n<li><strong>R\u00e9gen:<\/strong> A k\u00f6vet\u0151id sz\u00e1ma hat\u00e1rozta meg az el\u00e9r\u00e9sedet, a h\u00e1l\u00f3zatod d\u00f6nt\u00f6tt.<\/li>\n\n\n\n<li><strong>Ma:<\/strong> A tartalom min\u0151s\u00e9ge d\u00f6nt. Az algoritmus azt figyeli, mit n\u00e9zel v\u00e9gig, \u00e9s ez alapj\u00e1n szolg\u00e1lja ki a feedet.<\/li>\n<\/ul>\n\n\n\n<p>Ez a \u201efigyelem demokratiz\u00e1l\u00f3d\u00e1sa\u201d: ma m\u00e1r <strong>0 k\u00f6vet\u0151vel is el\u00e9rhetsz ak\u00e1r 1 milli\u00f3 megtekint\u00e9st<\/strong>, ha a tartalom elkapja az algoritmust. Nem kell nagynak lenned ahhoz, hogy nagyot sz\u00f3lj.<\/p>\n\n\n\n<p><strong>A hat\u00e9kony marketing gyakorlati m\u0171k\u00f6d\u00e9s\u00e9t J\u00f3zsef izgalmas helyi sikert\u00f6rt\u00e9netekkel \u00e9s nemzetk\u00f6zi esettanulm\u00e1nyokkal tette k\u00e9zzelfoghat\u00f3v\u00e1.<\/strong><\/p>\n\n\n\n<figure class=\"wp-block-image size-large\"><img decoding=\"async\" width=\"1024\" height=\"768\" src=\"https:\/\/22media.sk\/wp-content\/uploads\/2026\/04\/IMG_0011-1024x768.jpg\" alt=\"\" class=\"wp-image-4721\" srcset=\"https:\/\/22media.sk\/wp-content\/uploads\/2026\/04\/IMG_0011-1024x768.jpg 1024w, https:\/\/22media.sk\/wp-content\/uploads\/2026\/04\/IMG_0011-300x225.jpg 300w, https:\/\/22media.sk\/wp-content\/uploads\/2026\/04\/IMG_0011-768x576.jpg 768w, https:\/\/22media.sk\/wp-content\/uploads\/2026\/04\/IMG_0011-1536x1152.jpg 1536w, https:\/\/22media.sk\/wp-content\/uploads\/2026\/04\/IMG_0011-2048x1536.jpg 2048w\" sizes=\"(max-width: 1024px) 100vw, 1024px\" \/><\/figure>\n\n\n\n<h2 class=\"wp-block-heading\">A PAC Strat\u00e9gia: A n\u00f6veked\u00e9s motorja<\/h2>\n\n\n\n<p>Hogyan lehet ebben a k\u00f6rnyezetben \u00e9rv\u00e9nyes\u00fclni? Mi a <strong>PAC<\/strong> rendszer alkalmaz\u00e1s\u00e1t javasoljuk:<\/p>\n\n\n\n<ol class=\"wp-block-list\">\n<li><strong>Platform:<\/strong> Pontosan tudnod kell, hol van most a c\u00e9lcsoportod figyelme.<\/li>\n\n\n\n<li><strong>Algorithm:<\/strong> \u00c9rtsd meg, mit \u201etol\u201d a rendszer (p\u00e9ld\u00e1ul a watch time fontoss\u00e1g\u00e1t).<\/li>\n\n\n\n<li><strong>Culture:<\/strong> Legy\u00e9l relev\u00e1ns, besz\u00e9lj a k\u00f6z\u00f6ns\u00e9ged nyelv\u00e9n.<\/li>\n<\/ol>\n\n\n\n<p>A l\u00e9nyeg: ne elszigetelt kamp\u00e1nyokban, hanem folyamatosan friss\u00fcl\u0151 <strong>tartalomrendszerben<\/strong> gondolkodj!<\/p>\n\n\n\n<figure class=\"wp-block-image size-large\"><img decoding=\"async\" width=\"1024\" height=\"682\" src=\"https:\/\/22media.sk\/wp-content\/uploads\/2026\/04\/SJE-43-1024x682.jpg\" alt=\"\" class=\"wp-image-4740\" srcset=\"https:\/\/22media.sk\/wp-content\/uploads\/2026\/04\/SJE-43-1024x682.jpg 1024w, https:\/\/22media.sk\/wp-content\/uploads\/2026\/04\/SJE-43-300x200.jpg 300w, https:\/\/22media.sk\/wp-content\/uploads\/2026\/04\/SJE-43-768x512.jpg 768w, https:\/\/22media.sk\/wp-content\/uploads\/2026\/04\/SJE-43-1536x1024.jpg 1536w, https:\/\/22media.sk\/wp-content\/uploads\/2026\/04\/SJE-43.jpg 2024w\" sizes=\"(max-width: 1024px) 100vw, 1024px\" \/><\/figure>\n\n\n\n<h2 class=\"wp-block-heading\">Mit csin\u00e1lj holnapt\u00f3l?<\/h2>\n\n\n\n<p>A siker receptje a k\u00f6vetkezetess\u00e9g \u00e9s a gyors alkalmazkod\u00e1s:<\/p>\n\n\n\n<ul class=\"wp-block-list\">\n<li>Gy\u00e1rts <strong>t\u00f6bb contentet<\/strong>!<\/li>\n\n\n\n<li>V\u00e9gezz <strong>gyors teszteket<\/strong>, \u00e9s figyeld a reakci\u00f3kat!<\/li>\n\n\n\n<li>Alkalmazz <strong>mikro-target\u00e1l\u00e1st<\/strong>!<\/li>\n\n\n\n<li>Ami m\u0171k\u00f6dik, azt azonnal <strong>sk\u00e1l\u00e1zd<\/strong>!<\/li>\n<\/ul>\n\n\n\n<p>A j\u00e1t\u00e9k megv\u00e1ltozott. Nem a legnagyobbak nyernek, hanem azok, akik a legjobban \u00e9rtik a figyelmet.<\/p>\n\n\n\n<p>K\u00f6sz\u00f6nj\u00fck a figyelmet a Selye J\u00e1nos Egyetem hallgat\u00f3inak \u00e9s minden r\u00e9sztvev\u0151nek!<\/p>\n\n\n\n<figure class=\"wp-block-image size-large\"><img loading=\"lazy\" decoding=\"async\" width=\"1024\" height=\"768\" src=\"https:\/\/22media.sk\/wp-content\/uploads\/2026\/04\/IMG_0002-1-1024x768.jpg\" alt=\"\" class=\"wp-image-4733\" srcset=\"https:\/\/22media.sk\/wp-content\/uploads\/2026\/04\/IMG_0002-1-1024x768.jpg 1024w, https:\/\/22media.sk\/wp-content\/uploads\/2026\/04\/IMG_0002-1-300x225.jpg 300w, https:\/\/22media.sk\/wp-content\/uploads\/2026\/04\/IMG_0002-1-768x576.jpg 768w, https:\/\/22media.sk\/wp-content\/uploads\/2026\/04\/IMG_0002-1-1536x1152.jpg 1536w, https:\/\/22media.sk\/wp-content\/uploads\/2026\/04\/IMG_0002-1-2048x1536.jpg 2048w\" sizes=\"(max-width: 1024px) 100vw, 1024px\" \/><\/figure>\n\n\n\n<figure class=\"wp-block-image size-large\"><img loading=\"lazy\" decoding=\"async\" width=\"768\" height=\"1024\" src=\"https:\/\/22media.sk\/wp-content\/uploads\/2026\/04\/IMG_0007-768x1024.jpg\" alt=\"\" class=\"wp-image-4735\" srcset=\"https:\/\/22media.sk\/wp-content\/uploads\/2026\/04\/IMG_0007-768x1024.jpg 768w, https:\/\/22media.sk\/wp-content\/uploads\/2026\/04\/IMG_0007-225x300.jpg 225w, https:\/\/22media.sk\/wp-content\/uploads\/2026\/04\/IMG_0007-1152x1536.jpg 1152w, https:\/\/22media.sk\/wp-content\/uploads\/2026\/04\/IMG_0007-1536x2048.jpg 1536w, https:\/\/22media.sk\/wp-content\/uploads\/2026\/04\/IMG_0007-scaled.jpg 1920w\" sizes=\"(max-width: 768px) 100vw, 768px\" \/><\/figure>\n\n\n\n<figure class=\"wp-block-image size-large\"><img loading=\"lazy\" decoding=\"async\" width=\"1024\" height=\"768\" src=\"https:\/\/22media.sk\/wp-content\/uploads\/2026\/04\/IMG_0022-1-1024x768.jpg\" alt=\"\" class=\"wp-image-4737\" srcset=\"https:\/\/22media.sk\/wp-content\/uploads\/2026\/04\/IMG_0022-1-1024x768.jpg 1024w, https:\/\/22media.sk\/wp-content\/uploads\/2026\/04\/IMG_0022-1-300x225.jpg 300w, https:\/\/22media.sk\/wp-content\/uploads\/2026\/04\/IMG_0022-1-768x576.jpg 768w, https:\/\/22media.sk\/wp-content\/uploads\/2026\/04\/IMG_0022-1-1536x1152.jpg 1536w, https:\/\/22media.sk\/wp-content\/uploads\/2026\/04\/IMG_0022-1-2048x1536.jpg 2048w\" sizes=\"(max-width: 1024px) 100vw, 1024px\" \/><\/figure>\n\n\n\n<figure class=\"wp-block-image size-large\"><img loading=\"lazy\" decoding=\"async\" width=\"1024\" height=\"682\" src=\"https:\/\/22media.sk\/wp-content\/uploads\/2026\/04\/SJE-38-1024x682.jpg\" alt=\"\" class=\"wp-image-4743\" srcset=\"https:\/\/22media.sk\/wp-content\/uploads\/2026\/04\/SJE-38-1024x682.jpg 1024w, https:\/\/22media.sk\/wp-content\/uploads\/2026\/04\/SJE-38-300x200.jpg 300w, https:\/\/22media.sk\/wp-content\/uploads\/2026\/04\/SJE-38-768x512.jpg 768w, https:\/\/22media.sk\/wp-content\/uploads\/2026\/04\/SJE-38-1536x1024.jpg 1536w, https:\/\/22media.sk\/wp-content\/uploads\/2026\/04\/SJE-38.jpg 2024w\" sizes=\"(max-width: 1024px) 100vw, 1024px\" \/><\/figure>\n\n\n\n<figure class=\"wp-block-image size-large\"><img loading=\"lazy\" decoding=\"async\" width=\"1024\" height=\"682\" src=\"https:\/\/22media.sk\/wp-content\/uploads\/2026\/04\/SJE-22-1024x682.jpg\" alt=\"\" class=\"wp-image-4745\" srcset=\"https:\/\/22media.sk\/wp-content\/uploads\/2026\/04\/SJE-22-1024x682.jpg 1024w, https:\/\/22media.sk\/wp-content\/uploads\/2026\/04\/SJE-22-300x200.jpg 300w, https:\/\/22media.sk\/wp-content\/uploads\/2026\/04\/SJE-22-768x512.jpg 768w, https:\/\/22media.sk\/wp-content\/uploads\/2026\/04\/SJE-22-1536x1024.jpg 1536w, https:\/\/22media.sk\/wp-content\/uploads\/2026\/04\/SJE-22.jpg 2024w\" sizes=\"(max-width: 1024px) 100vw, 1024px\" \/><\/figure>\n","protected":false},"excerpt":{"rendered":"<p>Az egyetemi napok alkalm\u00e1b\u00f3l a Selye J\u00e1nos Egyetem hallgat\u00f3ival k\u00f6z\u00f6sen mer\u00fclt\u00fcnk el a digit\u00e1lis marketing j\u00f6v\u0151j\u00e9ben. Frontember\u00fcnk \u00e9s CEO-nk, M\u00facska J\u00f3zsef tartott gyorstalpal\u00f3t a digit\u00e1lis marketing legfrissebb trendjeir\u0151l, r\u00e1vil\u00e1g\u00edtva: a figyelem\u00e9rt folytatott harcban a r\u00e9gi szab\u00e1lyk\u00f6nyvek m\u00e1r nem \u00e9rv\u00e9nyesek. A figyelemgazdas\u00e1g kora A felhaszn\u00e1l\u00f3 figyelme ma a legsz\u0171k\u00f6sebb \u00e9s leg\u00e9rt\u00e9kesebb er\u0151forr\u00e1sunk. M\u00edg a klasszikus rekl\u00e1m [&hellip;]<\/p>\n","protected":false},"author":1,"featured_media":4719,"comment_status":"closed","ping_status":"open","sticky":false,"template":"","format":"standard","meta":{"_acf_changed":false,"footnotes":""},"categories":[73],"tags":[118,48],"class_list":["post-4715","post","type-post","status-publish","format-standard","has-post-thumbnail","hentry","category-blog","tag-interest-media","tag-social-media-hu"],"acf":[],"_links":{"self":[{"href":"https:\/\/22media.sk\/hu\/wp-json\/wp\/v2\/posts\/4715","targetHints":{"allow":["GET"]}}],"collection":[{"href":"https:\/\/22media.sk\/hu\/wp-json\/wp\/v2\/posts"}],"about":[{"href":"https:\/\/22media.sk\/hu\/wp-json\/wp\/v2\/types\/post"}],"author":[{"embeddable":true,"href":"https:\/\/22media.sk\/hu\/wp-json\/wp\/v2\/users\/1"}],"replies":[{"embeddable":true,"href":"https:\/\/22media.sk\/hu\/wp-json\/wp\/v2\/comments?post=4715"}],"version-history":[{"count":4,"href":"https:\/\/22media.sk\/hu\/wp-json\/wp\/v2\/posts\/4715\/revisions"}],"predecessor-version":[{"id":4748,"href":"https:\/\/22media.sk\/hu\/wp-json\/wp\/v2\/posts\/4715\/revisions\/4748"}],"wp:featuredmedia":[{"embeddable":true,"href":"https:\/\/22media.sk\/hu\/wp-json\/wp\/v2\/media\/4719"}],"wp:attachment":[{"href":"https:\/\/22media.sk\/hu\/wp-json\/wp\/v2\/media?parent=4715"}],"wp:term":[{"taxonomy":"category","embeddable":true,"href":"https:\/\/22media.sk\/hu\/wp-json\/wp\/v2\/categories?post=4715"},{"taxonomy":"post_tag","embeddable":true,"href":"https:\/\/22media.sk\/hu\/wp-json\/wp\/v2\/tags?post=4715"}],"curies":[{"name":"wp","href":"https:\/\/api.w.org\/{rel}","templated":true}]}}