{"id":4594,"date":"2026-04-30T15:57:22","date_gmt":"2026-04-30T13:57:22","guid":{"rendered":"https:\/\/22media.sk\/?p=4594"},"modified":"2026-03-27T15:59:36","modified_gmt":"2026-03-27T14:59:36","slug":"a-legfontosabb-marketing-keszsegek-2026-ban-mit-keresnek-a-cegek-a-linkedin-szerint","status":"publish","type":"post","link":"https:\/\/22media.sk\/hu\/a-legfontosabb-marketing-keszsegek-2026-ban-mit-keresnek-a-cegek-a-linkedin-szerint\/","title":{"rendered":"A legfontosabb marketing k\u00e9szs\u00e9gek 2026-ban &#8211; mit keresnek a c\u00e9gek a LinkedIn szerint?"},"content":{"rendered":"\n<p>A LinkedIn legfrissebb kutat\u00e1sa megmutatja, mely marketing k\u00e9szs\u00e9gek ir\u00e1nt n\u0151 a leggyorsabban a kereslet. A lista nemcsak trendeket mutat, hanem azt is, milyen kompetenci\u00e1k seg\u00edtettek a marketing szakembereknek elhelyezkedni az elm\u00falt id\u0151szakban.<\/p>\n\n\n\n<p>Ez j\u00f3 ir\u00e1nymutat\u00e1s lehet c\u00e9geknek \u00e9s marketingeseknek egyar\u00e1nt.<\/p>\n\n\n\n<h2 class=\"wp-block-heading\"><strong>A legkeresettebb marketing k\u00e9szs\u00e9gek<\/strong><\/h2>\n\n\n\n<p>A LinkedIn szerint 2026-ban ezek a marketing kompetenci\u00e1k sz\u00e1m\u00edtanak a leg\u00e9rt\u00e9kesebbnek:<\/p>\n\n\n\n<p><strong>Performance analysis (marketing teljes\u00edtm\u00e9ny elemz\u00e9s)<\/strong><strong><br><\/strong>A c\u00e9gek egyre ink\u00e1bb olyan szakembereket keresnek, akik k\u00e9pesek m\u00e9rni a kamp\u00e1nyok eredm\u00e9nyeit \u00e9s adatok alapj\u00e1n optimaliz\u00e1lni a marketinget.<\/p>\n\n\n\n<p><strong>AI ismeretek (AI literacy)<\/strong><strong><br><\/strong>A mesters\u00e9ges intelligencia haszn\u00e1lata ma m\u00e1r komoly versenyel\u0151nyt jelent a marketingben &#8211;&nbsp; legyen sz\u00f3 tartalomk\u00e9sz\u00edt\u00e9sr\u0151l, automatiz\u00e1ci\u00f3r\u00f3l vagy elemz\u00e9sr\u0151l.<\/p>\n\n\n\n<p><strong>Social media branding<\/strong><strong><br><\/strong>A social media marketing ma m\u00e1r els\u0151sorban m\u00e1rka\u00e9p\u00edt\u00e9sr\u0151l sz\u00f3l. A konzisztens kommunik\u00e1ci\u00f3 \u00e9s a strat\u00e9giai tartalom egyre fontosabb.<\/p>\n\n\n\n<p><strong>Community management<\/strong><strong><br><\/strong>A c\u00e9gek olyan marketingeseket keresnek, akik k\u00e9pesek k\u00f6z\u00f6ss\u00e9get \u00e9p\u00edteni, bizalmat teremteni \u00e9s akt\u00edv kapcsolatot kialak\u00edtani a k\u00f6vet\u0151kkel.<\/p>\n\n\n\n<h2 class=\"wp-block-heading\"><strong>Mit jelent ez a marketing j\u00f6v\u0151je szempontj\u00e1b\u00f3l?<\/strong><\/h2>\n\n\n\n<p>A trendek alapj\u00e1n a marketing egyre ink\u00e1bb strat\u00e9giai \u00e9s adatalap\u00fa ter\u00fclett\u00e9 v\u00e1lik.<\/p>\n\n\n\n<p>A sikeres marketinges ma m\u00e1r:<\/p>\n\n\n\n<ul class=\"wp-block-list\">\n<li>adatokat elemez<\/li>\n\n\n\n<li>AI eszk\u00f6z\u00f6ket haszn\u00e1l<\/li>\n\n\n\n<li>m\u00e1rk\u00e1t \u00e9p\u00edt<\/li>\n\n\n\n<li>k\u00f6z\u00f6ss\u00e9get fejleszt<\/li>\n\n\n\n<li>\u00fczleti szeml\u00e9letben gondolkodik<\/li>\n<\/ul>\n\n\n\n<h2 class=\"wp-block-heading\"><strong>\u00d6sszegz\u00e9s<\/strong><\/h2>\n\n\n\n<p>A LinkedIn adatai alapj\u00e1n egy\u00e9rtelm\u0171: a j\u00f6v\u0151 marketingese nemcsak kreat\u00edv, hanem analitikus \u00e9s technol\u00f3giailag is felk\u00e9sz\u00fclt.<\/p>\n\n\n\n<p>Ha olyan marketing partnert keresel, aki ezekben a ter\u00fcletekben is seg\u00edt &#8211; legyen sz\u00f3 <strong>marketing strat\u00e9gi\u00e1r\u00f3l, social media menedzsmentr\u0151l, performance kamp\u00e1nyokr\u00f3l vagy AI alap\u00fa marketing megold\u00e1sokr\u00f3l<\/strong> &#8211; n\u00e1lunk megtal\u00e1lod.<\/p>\n\n\n\n<p><strong>Ha hasonl\u00f3 marketing szolg\u00e1ltat\u00e1sokra van sz\u00fcks\u00e9ged, \u00edrj nek\u00fcnk:<\/strong><strong><br><\/strong><a href=\"mailto:marketing@22media.sk\"><strong>marketing@22media.sk<\/strong><\/a><\/p>\n","protected":false},"excerpt":{"rendered":"<p>A LinkedIn legfrissebb kutat\u00e1sa megmutatja, mely marketing k\u00e9szs\u00e9gek ir\u00e1nt n\u0151 a leggyorsabban a kereslet. A lista nemcsak trendeket mutat, hanem azt is, milyen kompetenci\u00e1k seg\u00edtettek a marketing szakembereknek elhelyezkedni az elm\u00falt id\u0151szakban. Ez j\u00f3 ir\u00e1nymutat\u00e1s lehet c\u00e9geknek \u00e9s marketingeseknek egyar\u00e1nt. A legkeresettebb marketing k\u00e9szs\u00e9gek A LinkedIn szerint 2026-ban ezek a marketing kompetenci\u00e1k sz\u00e1m\u00edtanak a leg\u00e9rt\u00e9kesebbnek: [&hellip;]<\/p>\n","protected":false},"author":1,"featured_media":4595,"comment_status":"closed","ping_status":"open","sticky":false,"template":"","format":"standard","meta":{"_acf_changed":false,"footnotes":""},"categories":[73],"tags":[112,114],"class_list":["post-4594","post","type-post","status-publish","format-standard","has-post-thumbnail","hentry","category-blog","tag-112","tag-linkedin"],"acf":[],"_links":{"self":[{"href":"https:\/\/22media.sk\/hu\/wp-json\/wp\/v2\/posts\/4594","targetHints":{"allow":["GET"]}}],"collection":[{"href":"https:\/\/22media.sk\/hu\/wp-json\/wp\/v2\/posts"}],"about":[{"href":"https:\/\/22media.sk\/hu\/wp-json\/wp\/v2\/types\/post"}],"author":[{"embeddable":true,"href":"https:\/\/22media.sk\/hu\/wp-json\/wp\/v2\/users\/1"}],"replies":[{"embeddable":true,"href":"https:\/\/22media.sk\/hu\/wp-json\/wp\/v2\/comments?post=4594"}],"version-history":[{"count":1,"href":"https:\/\/22media.sk\/hu\/wp-json\/wp\/v2\/posts\/4594\/revisions"}],"predecessor-version":[{"id":4597,"href":"https:\/\/22media.sk\/hu\/wp-json\/wp\/v2\/posts\/4594\/revisions\/4597"}],"wp:featuredmedia":[{"embeddable":true,"href":"https:\/\/22media.sk\/hu\/wp-json\/wp\/v2\/media\/4595"}],"wp:attachment":[{"href":"https:\/\/22media.sk\/hu\/wp-json\/wp\/v2\/media?parent=4594"}],"wp:term":[{"taxonomy":"category","embeddable":true,"href":"https:\/\/22media.sk\/hu\/wp-json\/wp\/v2\/categories?post=4594"},{"taxonomy":"post_tag","embeddable":true,"href":"https:\/\/22media.sk\/hu\/wp-json\/wp\/v2\/tags?post=4594"}],"curies":[{"name":"wp","href":"https:\/\/api.w.org\/{rel}","templated":true}]}}