{"id":4578,"date":"2026-04-08T14:24:58","date_gmt":"2026-04-08T12:24:58","guid":{"rendered":"https:\/\/22media.sk\/?p=4578"},"modified":"2026-03-27T14:27:10","modified_gmt":"2026-03-27T13:27:10","slug":"linkedin-algoritmus-frissites-mit-jelent-ez-a-ceges-tartalmak-szamara","status":"publish","type":"post","link":"https:\/\/22media.sk\/hu\/linkedin-algoritmus-frissites-mit-jelent-ez-a-ceges-tartalmak-szamara\/","title":{"rendered":"LinkedIn algoritmus friss\u00edt\u00e9s: mit jelent ez a c\u00e9ges tartalmak sz\u00e1m\u00e1ra?"},"content":{"rendered":"\n<p>A LinkedIn friss\u00edtette a h\u00edrfolyam algoritmus\u00e1t, amely most m\u00e9g fejlettebb mesters\u00e9ges intelligenci\u00e1t haszn\u00e1l. Az \u00faj rendszer m\u00e1r nemcsak a kulcsszavakat figyeli, hanem azt is, hogy egy poszt val\u00f3j\u00e1ban mir\u0151l sz\u00f3l, \u00e9s mennyire relev\u00e1ns a felhaszn\u00e1l\u00f3 szakmai \u00e9rdekl\u0151d\u00e9se szempontj\u00e1b\u00f3l.<\/p>\n\n\n\n<p>Ez azt jelenti, hogy a LinkedIn egyre ink\u00e1bb a min\u0151s\u00e9gi szakmai tartalmakat r\u00e9szes\u00edti el\u0151nyben.<\/p>\n\n\n\n<h2 class=\"wp-block-heading\"><strong>Hogyan v\u00e1ltozott a LinkedIn feed m\u0171k\u00f6d\u00e9se?<\/strong><\/h2>\n\n\n\n<p>Az \u00faj algoritmus figyelembe veszi:<\/p>\n\n\n\n<ul class=\"wp-block-list\">\n<li>a profiladatokat \u00e9s k\u00e9szs\u00e9geket<\/li>\n\n\n\n<li>az aktivit\u00e1st a platformon<\/li>\n\n\n\n<li>a tartalmakkal val\u00f3 interakci\u00f3kat<\/li>\n\n\n\n<li>az aktu\u00e1lis szakmai \u00e9rdekl\u0151d\u00e9st<\/li>\n<\/ul>\n\n\n\n<p>A rendszer gyorsabban reag\u00e1l arra is, ha egy felhaszn\u00e1l\u00f3 \u00faj t\u00e9m\u00e1k ir\u00e1nt kezd \u00e9rdekl\u0151dni, \u00edgy a feed folyamatosan friss \u00e9s relev\u00e1ns marad.<\/p>\n\n\n\n<figure class=\"wp-block-image size-large\"><img fetchpriority=\"high\" decoding=\"async\" width=\"1024\" height=\"683\" src=\"https:\/\/22media.sk\/wp-content\/uploads\/2026\/03\/image-1-1024x683.png\" alt=\"\" class=\"wp-image-4579\" srcset=\"https:\/\/22media.sk\/wp-content\/uploads\/2026\/03\/image-1-1024x683.png 1024w, https:\/\/22media.sk\/wp-content\/uploads\/2026\/03\/image-1-300x200.png 300w, https:\/\/22media.sk\/wp-content\/uploads\/2026\/03\/image-1-768x512.png 768w, https:\/\/22media.sk\/wp-content\/uploads\/2026\/03\/image-1.png 1200w\" sizes=\"(max-width: 1024px) 100vw, 1024px\" \/><\/figure>\n\n\n\n<h2 class=\"wp-block-heading\"><strong>Mit jelent ez a LinkedIn marketing sz\u00e1m\u00e1ra?<\/strong><\/h2>\n\n\n\n<p>A v\u00e1ltoz\u00e1s legfontosabb \u00fczenete: az \u00e9rt\u00e9kes tartalom egyre fontosabb lesz, mint az engagement tr\u00fckk\u00f6k.<\/p>\n\n\n\n<p>A LinkedIn cs\u00f6kkenteni fogja az olyan posztok el\u00e9r\u00e9s\u00e9t, mint:<\/p>\n\n\n\n<ul class=\"wp-block-list\">\n<li>\u201eKommenteld YES ha egyet\u00e9rtesz\u201d<\/li>\n\n\n\n<li>irrelev\u00e1ns vide\u00f3k<\/li>\n\n\n\n<li>sablonos motiv\u00e1ci\u00f3s tartalmak<\/li>\n<\/ul>\n\n\n\n<p>Ezzel szemben el\u0151nyt \u00e9lveznek:<\/p>\n\n\n\n<ul class=\"wp-block-list\">\n<li>szakmai tippek<\/li>\n\n\n\n<li>edukat\u00edv tartalmak<\/li>\n\n\n\n<li>esettanulm\u00e1nyok<\/li>\n\n\n\n<li>ipar\u00e1gi trendek<\/li>\n\n\n\n<li>val\u00f3di tapasztalatok<\/li>\n<\/ul>\n\n\n\n<h2 class=\"wp-block-heading\"><strong>Mit \u00e9rdemes m\u00e1sk\u00e9pp csin\u00e1lni?<\/strong><\/h2>\n\n\n\n<p>A c\u00e9gek sz\u00e1m\u00e1ra ez azt jelenti, hogy \u00e9rdemes:<\/p>\n\n\n\n<ul class=\"wp-block-list\">\n<li>szakmai \u00e9rt\u00e9ket ad\u00f3 tartalmat k\u00e9sz\u00edteni<\/li>\n\n\n\n<li>rendszeresen kommunik\u00e1lni<\/li>\n\n\n\n<li>val\u00f3di tud\u00e1st megosztani<\/li>\n\n\n\n<li>strat\u00e9gia ment\u00e9n \u00e9p\u00edteni a LinkedIn jelenl\u00e9tet<\/li>\n<\/ul>\n\n\n\n<p>Azok a v\u00e1llalkoz\u00e1sok fognak el\u0151nyt szerezni, amelyek nem csak jelen vannak, hanem tudatosan \u00e9p\u00edtik szakmai m\u00e1rk\u00e1jukat.<\/p>\n\n\n\n<h2 class=\"wp-block-heading\"><strong>\u00d6sszegz\u00e9s<\/strong><\/h2>\n\n\n\n<p>A LinkedIn algoritmus friss\u00edt\u00e9se egy\u00e9rtelm\u0171 ir\u00e1nyt mutat: a platform a relev\u00e1ns, szakmai \u00e9s \u00e9rt\u00e9kes tartalmak fel\u00e9 mozdul el.<\/p>\n\n\n\n<p>Ez j\u00f3 lehet\u0151s\u00e9g azoknak a c\u00e9geknek, amelyek hossz\u00fa t\u00e1von gondolkodnak a B2B marketingben.<\/p>\n\n\n\n<p><strong>Szeretn\u00e9d hat\u00e9konyabban haszn\u00e1lni a LinkedInt \u00fczleti c\u00e9lokra?<\/strong><strong><br><\/strong>Vedd fel vel\u00fcnk a kapcsolatot: <a href=\"mailto:marketing@22media.sk\">marketing@22media.sk<\/a>&nbsp;<\/p>\n","protected":false},"excerpt":{"rendered":"<p>A LinkedIn friss\u00edtette a h\u00edrfolyam algoritmus\u00e1t, amely most m\u00e9g fejlettebb mesters\u00e9ges intelligenci\u00e1t haszn\u00e1l. Az \u00faj rendszer m\u00e1r nemcsak a kulcsszavakat figyeli, hanem azt is, hogy egy poszt val\u00f3j\u00e1ban mir\u0151l sz\u00f3l, \u00e9s mennyire relev\u00e1ns a felhaszn\u00e1l\u00f3 szakmai \u00e9rdekl\u0151d\u00e9se szempontj\u00e1b\u00f3l. Ez azt jelenti, hogy a LinkedIn egyre ink\u00e1bb a min\u0151s\u00e9gi szakmai tartalmakat r\u00e9szes\u00edti el\u0151nyben. Hogyan v\u00e1ltozott a [&hellip;]<\/p>\n","protected":false},"author":1,"featured_media":4576,"comment_status":"closed","ping_status":"open","sticky":false,"template":"","format":"standard","meta":{"_acf_changed":false,"footnotes":""},"categories":[72],"tags":[97,114,53],"class_list":["post-4578","post","type-post","status-publish","format-standard","has-post-thumbnail","hentry","category-ujdonsagok","tag-ai-hu","tag-linkedin","tag-ppc-hu"],"acf":[],"_links":{"self":[{"href":"https:\/\/22media.sk\/hu\/wp-json\/wp\/v2\/posts\/4578","targetHints":{"allow":["GET"]}}],"collection":[{"href":"https:\/\/22media.sk\/hu\/wp-json\/wp\/v2\/posts"}],"about":[{"href":"https:\/\/22media.sk\/hu\/wp-json\/wp\/v2\/types\/post"}],"author":[{"embeddable":true,"href":"https:\/\/22media.sk\/hu\/wp-json\/wp\/v2\/users\/1"}],"replies":[{"embeddable":true,"href":"https:\/\/22media.sk\/hu\/wp-json\/wp\/v2\/comments?post=4578"}],"version-history":[{"count":1,"href":"https:\/\/22media.sk\/hu\/wp-json\/wp\/v2\/posts\/4578\/revisions"}],"predecessor-version":[{"id":4581,"href":"https:\/\/22media.sk\/hu\/wp-json\/wp\/v2\/posts\/4578\/revisions\/4581"}],"wp:featuredmedia":[{"embeddable":true,"href":"https:\/\/22media.sk\/hu\/wp-json\/wp\/v2\/media\/4576"}],"wp:attachment":[{"href":"https:\/\/22media.sk\/hu\/wp-json\/wp\/v2\/media?parent=4578"}],"wp:term":[{"taxonomy":"category","embeddable":true,"href":"https:\/\/22media.sk\/hu\/wp-json\/wp\/v2\/categories?post=4578"},{"taxonomy":"post_tag","embeddable":true,"href":"https:\/\/22media.sk\/hu\/wp-json\/wp\/v2\/tags?post=4578"}],"curies":[{"name":"wp","href":"https:\/\/api.w.org\/{rel}","templated":true}]}}