{"id":4570,"date":"2026-04-02T10:12:00","date_gmt":"2026-04-02T08:12:00","guid":{"rendered":"https:\/\/22media.sk\/?p=4570"},"modified":"2026-03-27T11:20:22","modified_gmt":"2026-03-27T10:20:22","slug":"mely-muveszek-epiteszek-es-rendezok-stilusat-hasznaljak-leggyakrabban-az-ai-kepgeneralas-soran","status":"publish","type":"post","link":"https:\/\/22media.sk\/hu\/mely-muveszek-epiteszek-es-rendezok-stilusat-hasznaljak-leggyakrabban-az-ai-kepgeneralas-soran\/","title":{"rendered":"Mely m\u0171v\u00e9szek, \u00e9p\u00edt\u00e9szek \u00e9s rendez\u0151k st\u00edlus\u00e1t haszn\u00e1lj\u00e1k leggyakrabban az AI k\u00e9pgener\u00e1l\u00e1s sor\u00e1n?"},"content":{"rendered":"\n<p>A generat\u00edv AI eszk\u00f6z\u00f6k (Midjourney, DALL\u00b7E \u00e9s m\u00e1s vizu\u00e1lis AI platformok) haszn\u00e1lata sor\u00e1n a felhaszn\u00e1l\u00f3k gyakran konkr\u00e9t m\u0171v\u00e9szek st\u00edlus\u00e1ra hivatkoznak, hogy pontosabban meghat\u00e1rozz\u00e1k a k\u00edv\u00e1nt vizu\u00e1lis megjelen\u00e9st. Egy k\u00f6zel 5 milli\u00f3 promptot elemz\u0151 kutat\u00e1s megmutatta, kik azok az alkot\u00f3k, akiknek a neve leggyakrabban szerepel AI k\u00e9pgener\u00e1l\u00f3 utas\u00edt\u00e1sokban.<\/p>\n\n\n\n<h2 class=\"wp-block-heading\"><strong>A leggyakrabban hivatkozott m\u0171v\u00e9szek az AI promptokban<\/strong><\/h2>\n\n\n\n<p>A list\u00e1t magasan vezeti Alphonse Mucha, akinek neve t\u00f6bb mint 230 000 AI promptban szerepelt. \u0150t k\u00f6vetik olyan klasszikus mesterek, mint Rembrandt \u00e9s Leonardo da Vinci, valamint modern vizu\u00e1lis inspir\u00e1ci\u00f3k is.<\/p>\n\n\n\n<p>A top nevek k\u00f6z\u00f6tt szerepel m\u00e9g:<\/p>\n\n\n\n<ul class=\"wp-block-list\">\n<li>Gustav Klimt<\/li>\n\n\n\n<li>Salvador Dal\u00ed<\/li>\n\n\n\n<li>Caravaggio<\/li>\n\n\n\n<li>Hokusai<\/li>\n<\/ul>\n\n\n\n<figure class=\"wp-block-image size-large\"><img fetchpriority=\"high\" decoding=\"async\" width=\"1024\" height=\"585\" src=\"https:\/\/22media.sk\/wp-content\/uploads\/2026\/03\/b02-1-1024x585.png\" alt=\"\" class=\"wp-image-4564\" srcset=\"https:\/\/22media.sk\/wp-content\/uploads\/2026\/03\/b02-1-1024x585.png 1024w, https:\/\/22media.sk\/wp-content\/uploads\/2026\/03\/b02-1-300x171.png 300w, https:\/\/22media.sk\/wp-content\/uploads\/2026\/03\/b02-1-768x439.png 768w, https:\/\/22media.sk\/wp-content\/uploads\/2026\/03\/b02-1-1536x878.png 1536w, https:\/\/22media.sk\/wp-content\/uploads\/2026\/03\/b02-1-2048x1170.png 2048w\" sizes=\"(max-width: 1024px) 100vw, 1024px\" \/><\/figure>\n\n\n\n<p>Ez j\u00f3l mutatja, hogy az AI \u00e1ltal gener\u00e1lt vizu\u00e1lis tartalom alapja tov\u00e1bbra is a klasszikus m\u0171v\u00e9szeti inspir\u00e1ci\u00f3.<\/p>\n\n\n\n<h2 class=\"wp-block-heading\"><strong>Az AI \u00e1ltal leggyakrabban id\u00e9zett \u00e9p\u00edt\u00e9szek<\/strong><\/h2>\n\n\n\n<p>Az \u00e9p\u00edt\u00e9szek k\u00f6z\u00fcl toronymagasan vezet Zaha Hadid, akinek futurisztikus formavil\u00e1ga k\u00fcl\u00f6n\u00f6sen n\u00e9pszer\u0171 az AI vizu\u00e1lokn\u00e1l.<\/p>\n\n\n\n<p>A list\u00e1n szerepel m\u00e9g:<\/p>\n\n\n\n<ul class=\"wp-block-list\">\n<li>Frank Lloyd Wright<\/li>\n\n\n\n<li>Tadao Ando<\/li>\n\n\n\n<li>Frank Gehry<\/li>\n\n\n\n<li>Le Corbusier<\/li>\n<\/ul>\n\n\n\n<figure class=\"wp-block-image size-large\"><img decoding=\"async\" width=\"1024\" height=\"585\" src=\"https:\/\/22media.sk\/wp-content\/uploads\/2026\/03\/b02-3-1024x585.png\" alt=\"\" class=\"wp-image-4566\" srcset=\"https:\/\/22media.sk\/wp-content\/uploads\/2026\/03\/b02-3-1024x585.png 1024w, https:\/\/22media.sk\/wp-content\/uploads\/2026\/03\/b02-3-300x171.png 300w, https:\/\/22media.sk\/wp-content\/uploads\/2026\/03\/b02-3-768x439.png 768w, https:\/\/22media.sk\/wp-content\/uploads\/2026\/03\/b02-3-1536x878.png 1536w, https:\/\/22media.sk\/wp-content\/uploads\/2026\/03\/b02-3-2048x1170.png 2048w\" sizes=\"(max-width: 1024px) 100vw, 1024px\" \/><\/figure>\n\n\n\n<p>Ez azt mutatja, hogy a modern \u00e9s ikonikus \u00e9p\u00edt\u00e9szeti st\u00edlusok er\u0151s vizu\u00e1lis referenciak\u00e9nt szolg\u00e1lnak az AI sz\u00e1m\u00e1ra.<\/p>\n\n\n\n<h2 class=\"wp-block-heading\"><strong>A legn\u00e9pszer\u0171bb rendez\u0151k AI vide\u00f3 \u00e9s k\u00e9p promptokban<\/strong><\/h2>\n\n\n\n<p>A filmes inspir\u00e1ci\u00f3k k\u00f6z\u00fcl Wes Anderson vezeti a list\u00e1t, akinek jellegzetes szimmetrikus \u00e9s sz\u00ednvil\u00e1gra \u00e9p\u00fcl\u0151 st\u00edlusa k\u00fcl\u00f6n\u00f6sen n\u00e9pszer\u0171 az AI gener\u00e1lt k\u00e9pekn\u00e9l.<\/p>\n\n\n\n<p>A tov\u00e1bbi gyakran haszn\u00e1lt rendez\u0151k:<\/p>\n\n\n\n<ul class=\"wp-block-list\">\n<li>Tim Burton<\/li>\n\n\n\n<li>Christopher Nolan<\/li>\n\n\n\n<li>Ridley Scott<\/li>\n\n\n\n<li>Stanley Kubrick<\/li>\n<\/ul>\n\n\n\n<figure class=\"wp-block-image size-large\"><img decoding=\"async\" width=\"1024\" height=\"585\" src=\"https:\/\/22media.sk\/wp-content\/uploads\/2026\/03\/b02-4-1024x585.png\" alt=\"\" class=\"wp-image-4568\" srcset=\"https:\/\/22media.sk\/wp-content\/uploads\/2026\/03\/b02-4-1024x585.png 1024w, https:\/\/22media.sk\/wp-content\/uploads\/2026\/03\/b02-4-300x171.png 300w, https:\/\/22media.sk\/wp-content\/uploads\/2026\/03\/b02-4-768x439.png 768w, https:\/\/22media.sk\/wp-content\/uploads\/2026\/03\/b02-4-1536x878.png 1536w, https:\/\/22media.sk\/wp-content\/uploads\/2026\/03\/b02-4-2048x1170.png 2048w\" sizes=\"(max-width: 1024px) 100vw, 1024px\" \/><\/figure>\n\n\n\n<p>Ez azt mutatja, hogy az AI vizu\u00e1lis trendek er\u0151sen kapcsol\u00f3dnak a filmipar vizu\u00e1lis nyelv\u00e9hez is.<\/p>\n\n\n\n<h2 class=\"wp-block-heading\"><strong>Mit jelent ez a marketing \u00e9s a kreat\u00edv ipar sz\u00e1m\u00e1ra?<\/strong><\/h2>\n\n\n\n<p>A tanuls\u00e1g egy\u00e9rtelm\u0171: a hat\u00e9kony AI tartalomgy\u00e1rt\u00e1s nem csak technol\u00f3gia, hanem vizu\u00e1lis kult\u00fara \u00e9s kreat\u00edv strat\u00e9gia k\u00e9rd\u00e9se is.<\/p>\n\n\n\n<p>Azok a c\u00e9gek tudj\u00e1k igaz\u00e1n kihaszn\u00e1lni az AI lehet\u0151s\u00e9geit, amelyek:<\/p>\n\n\n\n<ul class=\"wp-block-list\">\n<li>tudatosan haszn\u00e1lj\u00e1k a vizu\u00e1lis st\u00edlusokat<\/li>\n\n\n\n<li>k\u00f6vetkezetes brand megjelen\u00e9st \u00e9p\u00edtenek<\/li>\n\n\n\n<li>marketing c\u00e9lra optimaliz\u00e1lt promptokat k\u00e9sz\u00edtenek<\/li>\n\n\n\n<li>strat\u00e9giai szinten haszn\u00e1lj\u00e1k az AI-t<\/li>\n<\/ul>\n\n\n\n<h2 class=\"wp-block-heading\"><strong>\u00d6sszegz\u00e9s<\/strong><\/h2>\n\n\n\n<p>Az AI eszk\u00f6z\u00f6k demokratiz\u00e1lt\u00e1k a vizu\u00e1lis tartalomk\u00e9sz\u00edt\u00e9st, de a val\u00f3di versenyel\u0151nyt tov\u00e1bbra is a strat\u00e9giai gondolkod\u00e1s jelenti.<\/p>\n\n\n\n<p>Ha szeretn\u00e9d kihaszn\u00e1lni az <strong>AI marketing, kreat\u00edv tartalomgy\u00e1rt\u00e1s vagy vizu\u00e1lis branding lehet\u0151s\u00e9geit<\/strong>, ebben is tudunk seg\u00edteni. <strong>Ha hasonl\u00f3 marketing megold\u00e1sokra van sz\u00fcks\u00e9ged, \u00edrj nek\u00fcnk: <\/strong><a href=\"mailto:marketing@22media.sk\">marketing@22media.sk<\/a><\/p>\n","protected":false},"excerpt":{"rendered":"<p>A generat\u00edv AI eszk\u00f6z\u00f6k (Midjourney, DALL\u00b7E \u00e9s m\u00e1s vizu\u00e1lis AI platformok) haszn\u00e1lata sor\u00e1n a felhaszn\u00e1l\u00f3k gyakran konkr\u00e9t m\u0171v\u00e9szek st\u00edlus\u00e1ra hivatkoznak, hogy pontosabban meghat\u00e1rozz\u00e1k a k\u00edv\u00e1nt vizu\u00e1lis megjelen\u00e9st. Egy k\u00f6zel 5 milli\u00f3 promptot elemz\u0151 kutat\u00e1s megmutatta, kik azok az alkot\u00f3k, akiknek a neve leggyakrabban szerepel AI k\u00e9pgener\u00e1l\u00f3 utas\u00edt\u00e1sokban. A leggyakrabban hivatkozott m\u0171v\u00e9szek az AI promptokban A [&hellip;]<\/p>\n","protected":false},"author":1,"featured_media":4562,"comment_status":"closed","ping_status":"open","sticky":false,"template":"","format":"standard","meta":{"_acf_changed":false,"footnotes":""},"categories":[72],"tags":[97,50,48],"class_list":["post-4570","post","type-post","status-publish","format-standard","has-post-thumbnail","hentry","category-ujdonsagok","tag-ai-hu","tag-graphics-hu","tag-social-media-hu"],"acf":[],"_links":{"self":[{"href":"https:\/\/22media.sk\/hu\/wp-json\/wp\/v2\/posts\/4570","targetHints":{"allow":["GET"]}}],"collection":[{"href":"https:\/\/22media.sk\/hu\/wp-json\/wp\/v2\/posts"}],"about":[{"href":"https:\/\/22media.sk\/hu\/wp-json\/wp\/v2\/types\/post"}],"author":[{"embeddable":true,"href":"https:\/\/22media.sk\/hu\/wp-json\/wp\/v2\/users\/1"}],"replies":[{"embeddable":true,"href":"https:\/\/22media.sk\/hu\/wp-json\/wp\/v2\/comments?post=4570"}],"version-history":[{"count":1,"href":"https:\/\/22media.sk\/hu\/wp-json\/wp\/v2\/posts\/4570\/revisions"}],"predecessor-version":[{"id":4571,"href":"https:\/\/22media.sk\/hu\/wp-json\/wp\/v2\/posts\/4570\/revisions\/4571"}],"wp:featuredmedia":[{"embeddable":true,"href":"https:\/\/22media.sk\/hu\/wp-json\/wp\/v2\/media\/4562"}],"wp:attachment":[{"href":"https:\/\/22media.sk\/hu\/wp-json\/wp\/v2\/media?parent=4570"}],"wp:term":[{"taxonomy":"category","embeddable":true,"href":"https:\/\/22media.sk\/hu\/wp-json\/wp\/v2\/categories?post=4570"},{"taxonomy":"post_tag","embeddable":true,"href":"https:\/\/22media.sk\/hu\/wp-json\/wp\/v2\/tags?post=4570"}],"curies":[{"name":"wp","href":"https:\/\/api.w.org\/{rel}","templated":true}]}}