{"id":4437,"date":"2025-10-16T10:45:22","date_gmt":"2025-10-16T08:45:22","guid":{"rendered":"https:\/\/22media.sk\/?p=4437"},"modified":"2025-10-16T10:45:26","modified_gmt":"2025-10-16T08:45:26","slug":"instagram-2025-uj-funkciok-tippek-es-tevhitek-minden-amit-tudnod-kell","status":"publish","type":"post","link":"https:\/\/22media.sk\/hu\/instagram-2025-uj-funkciok-tippek-es-tevhitek-minden-amit-tudnod-kell\/","title":{"rendered":"Instagram 2025: \u00daj funkci\u00f3k, tippek \u00e9s t\u00e9vhitek \u2013 minden, amit tudnod kell"},"content":{"rendered":"\n<p>Az Instagram 2025-ben sorra vezeti be azokat a friss\u00edt\u00e9seket, amelyek c\u00e9lja, hogy a platformot <strong>k\u00f6z\u00f6ss\u00e9gibb\u00e9 \u00e9s interakt\u00edvabb\u00e1<\/strong> tegye. Vannak funkci\u00f3k, amelyek m\u00e1r mindenki sz\u00e1m\u00e1ra el\u00e9rhet\u0151k, m\u00e1sok fokozatosan \u00e9rkeznek, \u00e9s akadnak olyanok is, amelyeket egyel\u0151re m\u00e9g csak tesztelnek.<\/p>\n\n\n\n<p>\u00cdme az \u00f6t legfontosabb \u00fajdons\u00e1g, amelyekre \u00e9rdemes figyelni \u2013 ak\u00e1r felhaszn\u00e1l\u00f3k\u00e9nt, ak\u00e1r m\u00e1rka\u00e9p\u00edt\u0151k\u00e9nt haszn\u00e1lod az Instagramot.<\/p>\n\n\n\n<h2 class=\"wp-block-heading\"><strong>1. Picks \u2013 k\u00f6z\u00f6s \u00e9rdekl\u0151d\u00e9si pontok keres\u00e9se<\/strong><\/h2>\n\n\n\n<p>Az Instagram egy \u00faj megold\u00e1ssal k\u00eds\u00e9rletezik, amelynek c\u00e9lja, hogy <strong>k\u00f6zelebb hozza egym\u00e1shoz a bar\u00e1tokat<\/strong>. A \u201ePicks\u201d seg\u00edts\u00e9g\u00e9vel a felhaszn\u00e1l\u00f3k kiemelhetik, mi \u00e9rdekli \u0151ket, \u00e9s l\u00e1thatj\u00e1k, hol van \u00e1tfed\u00e9s az ismer\u0151seikkel.<\/p>\n\n\n\n<p>\u201c<em>We\u2019re also going to look for more ways to make recommendations and consuming content more interactive and more social, and we\u2019re going to be exploring some new ways to connect with your friends on Instagram.\u201d &#8211; <\/em><a href=\"https:\/\/www.socialmediatoday.com\/news\/instagram-shares-key-focus-in-2025-ai-messaging\/737196\/\" target=\"_blank\" rel=\"noopener\">Mosseri<\/a>&nbsp;<\/p>\n\n\n\n<figure class=\"wp-block-image size-full\"><img fetchpriority=\"high\" decoding=\"async\" width=\"700\" height=\"387\" src=\"https:\/\/22media.sk\/wp-content\/uploads\/2025\/10\/ig-picks.png\" alt=\"\" class=\"wp-image-4431\" srcset=\"https:\/\/22media.sk\/wp-content\/uploads\/2025\/10\/ig-picks.png 700w, https:\/\/22media.sk\/wp-content\/uploads\/2025\/10\/ig-picks-300x166.png 300w\" sizes=\"(max-width: 700px) 100vw, 700px\" \/><figcaption class=\"wp-element-caption\">Forr\u00e1s: <a href=\"https:\/\/www.socialmediatoday.com\/news\/instagram-experiments-with-picks-to-showcase-user-interests\/757008\/\" target=\"_blank\" rel=\"noopener\">Social Media Today<\/a><\/figcaption><\/figure>\n\n\n\n<p>P\u00e9lda: ha valaki a \u201eutaz\u00e1s\u201d vagy \u201ej\u00f3ga\u201d t\u00e9m\u00e1t v\u00e1lasztja, a Picks-ben ez megjelenik, \u00edgy a bar\u00e1tai r\u00f6gt\u00f6n tudj\u00e1k, van k\u00f6z\u00f6s kapcsol\u00f3d\u00e1si pont.<\/p>\n\n\n\n<p>Ez a funkci\u00f3 egyel\u0151re tesztel\u00e9s alatt \u00e1ll, de ha elindul, \u00fajabb lehet\u0151s\u00e9get adhat a bar\u00e1ti kapcsolatok er\u0151s\u00edt\u00e9s\u00e9re.<\/p>\n\n\n\n<h2 class=\"wp-block-heading\"><strong>2. 15 tipp a Storykhoz \u2013 azonnal bevethet\u0151<\/strong><\/h2>\n\n\n\n<p>Az Instagram Stories tov\u00e1bbra is a legn\u00e9pszer\u0171bb form\u00e1tum, ha <strong>gyorsan szeretn\u00e9l kapcsolatot teremteni a k\u00f6z\u00f6ns\u00e9geddel<\/strong>. <a href=\"https:\/\/www.socialmediatoday.com\/news\/15-instagram-stories-tips-infographic\/757269\/\" target=\"_blank\" rel=\"noopener\">Mya Nichol <\/a>\u00e1ltal k\u00e9sz\u00edtett infografika 15 egyszer\u0171 \u00f6tletet mutat be, amivel a Storyk frissek \u00e9s \u00e9rdekesek maradnak.<\/p>\n\n\n\n<p>P\u00e1r inspir\u00e1l\u00f3 p\u00e9lda:<\/p>\n\n\n\n<ul class=\"wp-block-list\">\n<li>szavaz\u00e1sok \u00e9s k\u00e9rd\u00e9smatric\u00e1k,<\/li>\n\n\n\n<li>kulissz\u00e1k m\u00f6g\u00f6tti tartalmak,<\/li>\n\n\n\n<li>mini-tippek \u00e9s gyors tan\u00e1csok,<\/li>\n\n\n\n<li>interakt\u00edv matric\u00e1k reakci\u00f3ra \u00f6szt\u00f6nz\u00e9shez.<\/li>\n<\/ul>\n\n\n\n<p>Ezek a tr\u00fckk\u00f6k b\u00e1rhol \u00e9s b\u00e1rmikor haszn\u00e1lhat\u00f3k \u2013 t\u00f6k\u00e9letesek ahhoz, hogy k\u00f6vet\u0151id ne csak n\u00e9z\u0151k legyenek, hanem akt\u00edv r\u00e9sztvev\u0151k.<\/p>\n\n\n\n<h2 class=\"wp-block-heading\"><strong>3. Mosseri tan\u00e1csai: Edits app \u00e9s egy nagy t\u00e9vhit<\/strong><\/h2>\n\n\n\n<p>Adam <a href=\"https:\/\/www.threads.com\/@liahaberman\/post\/DM05l4szqdU\" target=\"_blank\" rel=\"noopener\">Mosseri<\/a>, az Instagram vezet\u0151je k\u00e9t hasznos inform\u00e1ci\u00f3t osztott meg:<\/p>\n\n\n\n<ul class=\"wp-block-list\">\n<li><strong>Edits app<\/strong>: Az \u00faj Edits alkalmaz\u00e1ssal k\u00e9sz\u00edtett vide\u00f3k jelenleg <strong>extra el\u00e9r\u00e9si el\u0151nyt kaphatnak<\/strong>, ha felt\u00f6lt\u00f6d \u0151ket Instagramra. Ez egy \u00e1tmeneti \u00f6szt\u00f6nz\u0151, amely az app n\u00e9pszer\u0171s\u00edt\u00e9s\u00e9t szolg\u00e1lja, \u00e9s nem minden piacon \u00e9rhet\u0151 el.\u00a0<\/li>\n\n\n\n<li><strong>T\u00e9vhit megd\u00f6ntve<\/strong>: Nem igaz, hogy ahhoz, hogy a saj\u00e1t tartalmad nagyobb el\u00e9r\u00e9st kapjon, olyan posztokat kell l\u00e1jkolnod, amelyek hasonl\u00edtanak ahhoz, amit te k\u00e9sz\u00edtesz. Az algoritmus nem \u00edgy m\u0171k\u00f6dik. A siker kulcsa az, hogy <strong>a k\u00f6vet\u0151id sz\u00e1m\u00e1ra relev\u00e1ns \u00e9s \u00e9rt\u00e9kes tartalmat hozz l\u00e9tre<\/strong>.<\/li>\n<\/ul>\n\n\n\n<h2 class=\"wp-block-heading\"><strong>4. Friend Map \u2013 helymegoszt\u00e1s biztons\u00e1gosan<\/strong><\/h2>\n\n\n\n<p>Nagy visszhangot keltett az \u00faj <strong>Friend Map<\/strong>, amely lehet\u0151v\u00e9 teszi, hogy l\u00e1sd, hol vannak a bar\u00e1taid, \u00e9s milyen helyekr\u0151l osztottak meg tartalmat.<\/p>\n\n\n\n<figure class=\"wp-block-image size-full\"><img decoding=\"async\" width=\"600\" height=\"600\" src=\"https:\/\/22media.sk\/wp-content\/uploads\/2025\/10\/ig-friend-map.png\" alt=\"\" class=\"wp-image-4433\" srcset=\"https:\/\/22media.sk\/wp-content\/uploads\/2025\/10\/ig-friend-map.png 600w, https:\/\/22media.sk\/wp-content\/uploads\/2025\/10\/ig-friend-map-300x300.png 300w, https:\/\/22media.sk\/wp-content\/uploads\/2025\/10\/ig-friend-map-150x150.png 150w, https:\/\/22media.sk\/wp-content\/uploads\/2025\/10\/ig-friend-map-80x80.png 80w\" sizes=\"(max-width: 600px) 100vw, 600px\" \/><figcaption class=\"wp-element-caption\">Forr\u00e1s: <a href=\"https:\/\/www.socialmediatoday.com\/news\/instagram-reiterates-that-location-sharing-is-not-switched-on-by-default\/757162\/\" target=\"_blank\" rel=\"noopener\">Social Media Today<\/a><\/figcaption><\/figure>\n\n\n\n<p>Sokan agg\u00f3dtak a biztons\u00e1g miatt, de fontos kiemelni:<\/p>\n\n\n\n<ul class=\"wp-block-list\">\n<li>a funkci\u00f3 <a href=\"https:\/\/www.threads.com\/@mosseri\/post\/DNDbSjAshde\" target=\"_blank\" rel=\"noopener\"><strong>alapb\u00f3l ki van kapcsolva<\/strong><\/a><strong> <\/strong>(de merem azt mondani, ink\u00e1bb ellen\u0151rizd le),<\/li>\n\n\n\n<li>csak azokkal oszthatod meg a helyed, akiket te magad kiv\u00e1lasztasz,<\/li>\n\n\n\n<li>a helytag-gel ell\u00e1tott Storyk 24 \u00f3r\u00e1n kereszt\u00fcl jelennek meg a t\u00e9rk\u00e9pen, de ez nem val\u00f3s idej\u0171 k\u00f6vet\u00e9s.<\/li>\n<\/ul>\n\n\n\n<p>A Friend Map ink\u00e1bb egy \u00fajabb eszk\u00f6z arra, hogy <strong>k\u00f6nnyebben kapcsol\u00f3dj a bar\u00e1taidhoz<\/strong>, nem pedig vesz\u00e9lyforr\u00e1s.<\/p>\n\n\n\n<h2 class=\"wp-block-heading\"><strong>5. \u00daj k\u00f6z\u00f6ss\u00e9gi funkci\u00f3k: Re-Posts \u00e9s Friends f\u00fcl<\/strong><\/h2>\n\n\n\n<p>Az Instagram hivatalosan is el\u00e9rhet\u0151v\u00e9 tett n\u00e9h\u00e1ny r\u00e9g\u00f3ta v\u00e1rt \u00faj\u00edt\u00e1st:<\/p>\n\n\n\n<ul class=\"wp-block-list\">\n<li><strong>Re-Posts<\/strong> \u2013 mostant\u00f3l megoszthatod m\u00e1sok posztjait \u00e9s Reels vide\u00f3it, amelyek egy k\u00fcl\u00f6n f\u00fcl\u00f6n gy\u0171lnek a profilodon. Ez \u00faj lehet\u0151s\u00e9get ad a tartalom terjed\u00e9s\u00e9nek, \u00e9s a kreatorok \u00edgy t\u00f6bb embert \u00e9rhetnek el.<\/li>\n\n\n\n<li><strong>Friends f\u00fcl a Reelsben<\/strong> \u2013 itt l\u00e1thatod, milyen Reels-eket l\u00e1jkoltak vagy osztottak meg a bar\u00e1taid. Ez szem\u00e9lyesebb \u00e9lm\u00e9nyt ad, hiszen olyan tartalmak jelennek meg, amelyek val\u00f3ban k\u00f6zel \u00e1llnak a k\u00f6rnyezetedhez.<\/li>\n<\/ul>\n\n\n\n<figure class=\"wp-block-image size-full\"><img decoding=\"async\" width=\"700\" height=\"393\" src=\"https:\/\/22media.sk\/wp-content\/uploads\/2025\/10\/ig-fiends-tab-and-repost.jpg\" alt=\"\" class=\"wp-image-4435\" srcset=\"https:\/\/22media.sk\/wp-content\/uploads\/2025\/10\/ig-fiends-tab-and-repost.jpg 700w, https:\/\/22media.sk\/wp-content\/uploads\/2025\/10\/ig-fiends-tab-and-repost-300x168.jpg 300w\" sizes=\"(max-width: 700px) 100vw, 700px\" \/><figcaption class=\"wp-element-caption\">Forr\u00e1s: <a href=\"https:\/\/www.socialmediatoday.com\/news\/instagram-adds-reposts-friends-feed-reels-friend-map\/756996\/\" target=\"_blank\" rel=\"noopener\">Social Media Today<\/a><\/figcaption><\/figure>\n\n\n\n<h2 class=\"wp-block-heading\"><strong>\u00d6sszegz\u00e9s<\/strong><\/h2>\n\n\n\n<p>Az Instagram 2025-\u00f6s friss\u00edt\u00e9sei h\u00e1rom f\u0151 ir\u00e1nyt mutatnak:<\/p>\n\n\n\n<ul class=\"wp-block-list\">\n<li><strong>K\u00f6z\u00f6ss\u00e9gi kapcsolatok er\u0151s\u00edt\u00e9se<\/strong> \u2013 Picks, Friend Map.<\/li>\n\n\n\n<li><strong>Interakt\u00edv tartalom \u00f6szt\u00f6nz\u00e9se<\/strong> \u2013 Story tippek, Reels Friends f\u00fcl.<\/li>\n\n\n\n<li><strong>Tartalomk\u00e9sz\u00edt\u0151k t\u00e1mogat\u00e1sa<\/strong> \u2013 Edits app el\u0151ny, Re-Posts.<\/li>\n<\/ul>\n\n\n\n<p>A k\u00f6z\u00f6s c\u00e9l minden esetben ugyanaz: hogy az Instagram <strong>ne csak egy tartalomfogyaszt\u00f3 platform legyen, hanem egy hely, ahol a k\u00f6z\u00f6ss\u00e9g val\u00f3ban \u00f6sszekapcsol\u00f3dik<\/strong>.<\/p>\n\n\n\n<p>Aki most id\u0151ben elkezd k\u00eds\u00e9rletezni ezekkel a lehet\u0151s\u00e9gekkel, el\u0151nybe ker\u00fclhet \u2013 legyen sz\u00f3 szem\u00e9lyes m\u00e1rka\u00e9p\u00edt\u00e9sr\u0151l vagy \u00fczleti jelenl\u00e9tr\u0151l.<\/p>\n\n\n\n<h3 class=\"wp-block-heading\">Forr\u00e1s:&nbsp;<\/h3>\n\n\n\n<ul class=\"wp-block-list\">\n<li><a href=\"https:\/\/www.socialmediatoday.com\/news\/instagram-experiments-with-picks-to-showcase-user-interests\/757008\/\" target=\"_blank\" rel=\"noopener\">Instagram Experiments With Picks<\/a><\/li>\n\n\n\n<li><a href=\"https:\/\/www.socialmediatoday.com\/news\/15-instagram-stories-tips-infographic\/757269\/\" target=\"_blank\" rel=\"noopener\">15 Instagram Stories Tips<\/a><\/li>\n\n\n\n<li><a href=\"https:\/\/www.socialmediatoday.com\/news\/instagram-chief-mosseri-says-edits-reach-boost-engagement-myths\/757268\/\" target=\"_blank\" rel=\"noopener\">Edits App &amp; Engagement Myths<\/a><\/li>\n\n\n\n<li><a href=\"https:\/\/www.socialmediatoday.com\/news\/instagram-reiterates-that-location-sharing-is-not-switched-on-by-default\/757162\/\" target=\"_blank\" rel=\"noopener\">Friend Map &amp; Location Sharing<\/a><\/li>\n\n\n\n<li><a href=\"https:\/\/www.socialmediatoday.com\/news\/instagram-adds-reposts-friends-feed-reels-friend-map\/756996\/\" target=\"_blank\" rel=\"noopener\">Re-Posts, Friend Map, Friends Feed<\/a><\/li>\n<\/ul>\n\n\n\n<p><\/p>\n","protected":false},"excerpt":{"rendered":"<p>Az Instagram 2025-ben sorra vezeti be azokat a friss\u00edt\u00e9seket, amelyek c\u00e9lja, hogy a platformot k\u00f6z\u00f6ss\u00e9gibb\u00e9 \u00e9s interakt\u00edvabb\u00e1 tegye. Vannak funkci\u00f3k, amelyek m\u00e1r mindenki sz\u00e1m\u00e1ra el\u00e9rhet\u0151k, m\u00e1sok fokozatosan \u00e9rkeznek, \u00e9s akadnak olyanok is, amelyeket egyel\u0151re m\u00e9g csak tesztelnek. \u00cdme az \u00f6t legfontosabb \u00fajdons\u00e1g, amelyekre \u00e9rdemes figyelni \u2013 ak\u00e1r felhaszn\u00e1l\u00f3k\u00e9nt, ak\u00e1r m\u00e1rka\u00e9p\u00edt\u0151k\u00e9nt haszn\u00e1lod az Instagramot. 1. Picks [&hellip;]<\/p>\n","protected":false},"author":1,"featured_media":4428,"comment_status":"closed","ping_status":"open","sticky":false,"template":"","format":"standard","meta":{"_acf_changed":false,"footnotes":""},"categories":[72],"tags":[85,48],"class_list":["post-4437","post","type-post","status-publish","format-standard","has-post-thumbnail","hentry","category-ujdonsagok","tag-85","tag-social-media-hu"],"acf":[],"_links":{"self":[{"href":"https:\/\/22media.sk\/hu\/wp-json\/wp\/v2\/posts\/4437","targetHints":{"allow":["GET"]}}],"collection":[{"href":"https:\/\/22media.sk\/hu\/wp-json\/wp\/v2\/posts"}],"about":[{"href":"https:\/\/22media.sk\/hu\/wp-json\/wp\/v2\/types\/post"}],"author":[{"embeddable":true,"href":"https:\/\/22media.sk\/hu\/wp-json\/wp\/v2\/users\/1"}],"replies":[{"embeddable":true,"href":"https:\/\/22media.sk\/hu\/wp-json\/wp\/v2\/comments?post=4437"}],"version-history":[{"count":0,"href":"https:\/\/22media.sk\/hu\/wp-json\/wp\/v2\/posts\/4437\/revisions"}],"wp:featuredmedia":[{"embeddable":true,"href":"https:\/\/22media.sk\/hu\/wp-json\/wp\/v2\/media\/4428"}],"wp:attachment":[{"href":"https:\/\/22media.sk\/hu\/wp-json\/wp\/v2\/media?parent=4437"}],"wp:term":[{"taxonomy":"category","embeddable":true,"href":"https:\/\/22media.sk\/hu\/wp-json\/wp\/v2\/categories?post=4437"},{"taxonomy":"post_tag","embeddable":true,"href":"https:\/\/22media.sk\/hu\/wp-json\/wp\/v2\/tags?post=4437"}],"curies":[{"name":"wp","href":"https:\/\/api.w.org\/{rel}","templated":true}]}}