{"id":4339,"date":"2025-07-10T10:35:56","date_gmt":"2025-07-10T08:35:56","guid":{"rendered":"https:\/\/22media.sk\/?p=4339"},"modified":"2025-07-10T10:36:37","modified_gmt":"2025-07-10T08:36:37","slug":"capcut-vege-miert-valtanak-tomegek-mas-videoszerkeszto-appra-es-melyik-a-legjobb-alternativa","status":"publish","type":"post","link":"https:\/\/22media.sk\/hu\/capcut-vege-miert-valtanak-tomegek-mas-videoszerkeszto-appra-es-melyik-a-legjobb-alternativa\/","title":{"rendered":"CapCut v\u00e9ge: Mi\u00e9rt v\u00e1ltanak t\u00f6megek m\u00e1s vide\u00f3szerkeszt\u0151 appra \u2013 \u00e9s melyik a legjobb alternat\u00edva?"},"content":{"rendered":"\n<p>Sokan m\u00e9g mindig CapCutot haszn\u00e1lnak napi szinten vide\u00f3ik v\u00e1g\u00e1s\u00e1ra, legyen sz\u00f3 TikTok, Instagram Reels vagy b\u00e1rmir\u0151l. De 2025 nyar\u00e1n valami alapvet\u0151en megv\u00e1ltozott.<\/p>\n\n\n\n<p>A CapCut \u00faj felhaszn\u00e1l\u00e1si felt\u00e9telei ugyanis l\u00e9nyeg\u00e9ben <strong>\u00f6r\u00f6kre \u00e1tadj\u00e1k a felt\u00f6lt\u00f6tt tartalmaid jogait a ByteDance-nek<\/strong>, a TikTok anyac\u00e9g\u00e9nek. \u00c9s nem csak a vide\u00f3idr\u00f3l van sz\u00f3, hanem <strong>a nevedr\u0151l, arcodr\u00f3l, hangodr\u00f3l \u00e9s minden kreat\u00edv elemedr\u0151l is<\/strong>.<\/p>\n\n\n\n<p>Ha tartalomgy\u00e1rt\u00e1ssal foglalkozol \u2013 k\u00fcl\u00f6n\u00f6sen <strong>\u00fcgyfelek, m\u00e1rk\u00e1k vagy saj\u00e1t arculatod nev\u00e9ben<\/strong> \u2013, ezt a cikket \u00e9rdemes v\u00e9gigolvasnod.&nbsp;<\/p>\n\n\n\n<p>Megmutatjuk:<\/p>\n\n\n\n<ul class=\"wp-block-list\">\n<li>pontosan <strong>mi v\u00e1ltozott a CapCutn\u00e1l<\/strong>,<\/li>\n\n\n\n<li><strong>milyen kock\u00e1zatokat<\/strong> jelent ez neked vagy az \u00fcgyfeleidnek,<\/li>\n\n\n\n<li>\u00e9s <strong>milyen alternat\u00edv appokra \u00e9rdemes v\u00e1ltani<\/strong> m\u00e9g ma.<\/li>\n<\/ul>\n\n\n\n<figure class=\"wp-block-image size-large\"><img fetchpriority=\"high\" decoding=\"async\" width=\"1024\" height=\"574\" src=\"https:\/\/22media.sk\/wp-content\/uploads\/2025\/07\/video-editor-working-with-timeline-that-includes-colorcoded-clips-min-1024x574.jpg\" alt=\"\" class=\"wp-image-4324\" srcset=\"https:\/\/22media.sk\/wp-content\/uploads\/2025\/07\/video-editor-working-with-timeline-that-includes-colorcoded-clips-min-1024x574.jpg 1024w, https:\/\/22media.sk\/wp-content\/uploads\/2025\/07\/video-editor-working-with-timeline-that-includes-colorcoded-clips-min-300x168.jpg 300w, https:\/\/22media.sk\/wp-content\/uploads\/2025\/07\/video-editor-working-with-timeline-that-includes-colorcoded-clips-min-768x430.jpg 768w, https:\/\/22media.sk\/wp-content\/uploads\/2025\/07\/video-editor-working-with-timeline-that-includes-colorcoded-clips-min-1536x861.jpg 1536w, https:\/\/22media.sk\/wp-content\/uploads\/2025\/07\/video-editor-working-with-timeline-that-includes-colorcoded-clips-min-2048x1148.jpg 2048w\" sizes=\"(max-width: 1024px) 100vw, 1024px\" \/><\/figure>\n\n\n\n<h2 class=\"wp-block-heading\"><strong>Mi t\u00f6rt\u00e9nt a CapCutn\u00e1l?<\/strong><\/h2>\n\n\n\n<p>2025 j\u00fanius 12-\u00e9n a CapCut friss\u00edtette a felhaszn\u00e1l\u00e1si felt\u00e9teleit. A legt\u00f6bb felhaszn\u00e1l\u00f3 \u00e9szre sem vette a v\u00e1ltoz\u00e1st \u2013 eg\u00e9szen addig, am\u00edg <a href=\"https:\/\/www.tiktok.com\/@bymilaholmes\/video\/7516995684021652791?is_from_webapp=1&amp;sender_device=pc&amp;web_id=7512050083447260694\" target=\"_blank\" rel=\"noopener\">vir\u00e1lisan<\/a> el nem terjedt egy vide\u00f3 a megd\u00f6bbent\u0151 r\u00e9szletekr\u0151l.<\/p>\n\n\n\n<p>Az \u00faj <a href=\"https:\/\/www.capcut.com\/clause\/terms-of-service\" target=\"_blank\" rel=\"noopener\">szab\u00e1lyzat<\/a> szerint a CapCut:<\/p>\n\n\n\n<ul class=\"wp-block-list\">\n<li><strong>visszavonhatatlan, \u00f6r\u00f6k, vil\u00e1gszint\u0171 \u00e9s ingyenes licencet kap<\/strong> arra, hogy felhaszn\u00e1lja, m\u00f3dos\u00edtsa, \u00e1talak\u00edtsa vagy tov\u00e1bbadja <strong>minden \u00e1ltalad felt\u00f6lt\u00f6tt tartalmadat<\/strong> \u2013 bele\u00e9rtve a <strong>k\u00e9pedet, hangodat, nevedet, vide\u00f3idat \u00e9s ak\u00e1r piszkozatk\u00e9nt mentett f\u00e1jlokat is<\/strong>.<\/li>\n\n\n\n<li>ak\u00e1r <strong>kereskedelmi c\u00e9lokra is haszn\u00e1lhatja<\/strong> a vide\u00f3dat \u2013 p\u00e9ld\u00e1ul hirdet\u00e9sben, an\u00e9lk\u00fcl, hogy err\u0151l t\u00e1j\u00e9koztatna vagy fizetne.<\/li>\n\n\n\n<li><strong>nem v\u00e1llal semmilyen felel\u0151ss\u00e9get<\/strong> szerz\u0151i jogs\u00e9rt\u00e9sek\u00e9rt \u2013 ha p\u00e9ld\u00e1ul nem enged\u00e9lyezett zen\u00e9t haszn\u00e1lsz, \u00e9s abb\u00f3l jogvita lesz, <strong>a felel\u0151ss\u00e9g kiz\u00e1r\u00f3lag t\u00e9ged terhel<\/strong>.<\/li>\n\n\n\n<li><strong>lemondasz az erk\u00f6lcsi jogaidr\u00f3l is<\/strong>, teh\u00e1t a CapCut jogosult a vide\u00f3idat torz\u00edtani, \u00e1t\u00e9rtelmezni vagy ak\u00e1r kiforgatni \u2013 jogorvoslat n\u00e9lk\u00fcl.<\/li>\n<\/ul>\n\n\n\n<p>Mindez akkor is \u00e9rv\u00e9nyes, <strong>ha a vide\u00f3t nem posztolod<\/strong>, csak szinkroniz\u00e1lod vagy elmented a felh\u0151be.<\/p>\n\n\n\n<p>M\u00e1s sz\u00f3val: <strong>amit felt\u00f6ltesz, az m\u00e1r nem csak a ti\u00e9d<\/strong>.<\/p>\n\n\n\n<h2 class=\"wp-block-heading\"><strong>Mit mond erre a CapCut?<\/strong><\/h2>\n\n\n\n<p>A felhaszn\u00e1l\u00f3k aggodalmaira reag\u00e1lva a CapCut kiadott egy hivatalos nyilatkozatot, amely szerint:<\/p>\n\n\n\n<blockquote class=\"wp-block-quote is-layout-flow wp-block-quote-is-layout-flow\">\n<p><em>\u201eNem t\u00f6rt\u00e9nt v\u00e1ltoz\u00e1s a felhaszn\u00e1l\u00f3k \u00e1ltal gener\u00e1lt tartalomra vonatkoz\u00f3 jogokban. A CapCut soha nem k\u00f6vetelt tulajdonjogot a felhaszn\u00e1l\u00f3k munk\u00e1i felett, \u00e9s nem f\u00e9r hozz\u00e1 a tartalmakhoz a meg\u00e1llapod\u00e1sban foglaltakon t\u00fal.\u201d<\/em><\/p>\n<\/blockquote>\n\n\n\n<p>\u00c1ll\u00edt\u00e1suk szerint a j\u00faniusi friss\u00edt\u00e9s csak apr\u00f3bb m\u00f3dos\u00edt\u00e1sokat tartalmazott, p\u00e9ld\u00e1ul:<\/p>\n\n\n\n<ul class=\"wp-block-list\">\n<li>pontos\u00edtotta a harmadik f\u00e9lt\u0151l sz\u00e1rmaz\u00f3 szolg\u00e1ltat\u00e1sok haszn\u00e1lat\u00e1t,<\/li>\n\n\n\n<li>kieg\u00e9sz\u00edtette a CapCut \u00e1ltal gener\u00e1lt sablonokkal (\u00fan. \u201eCompany Content\u201d) kapcsolatos szakaszt,<\/li>\n\n\n\n<li>\u00e9s alkalmazkodott bizonyos orsz\u00e1g-specifikus (pl. Jap\u00e1n, Ausztr\u00e1lia) jogszab\u00e1lyokhoz.<\/li>\n<\/ul>\n\n\n\n<p>A CapCut szerint a \u201ezavar\u201d abb\u00f3l ad\u00f3dott, hogy a felhaszn\u00e1l\u00f3k f\u00e9lre\u00e9rtelmezt\u00e9k a kor\u00e1bban is \u00e9rv\u00e9nyes jogi nyelvezetet a <strong>&#8222;User-Generated Content&#8221;<\/strong> szakaszban. A c\u00e9g hangs\u00falyozza, hogy:<\/p>\n\n\n\n<blockquote class=\"wp-block-quote is-layout-flow wp-block-quote-is-layout-flow\">\n<p><em>\u201eA felt\u00e9teleink csak azokat az alapvet\u0151 jogokat foglalj\u00e1k magukba, amelyek elengedhetetlenek a platform m\u0171k\u00f6d\u00e9s\u00e9hez \u2013 p\u00e9ld\u00e1ul sablonok testreszab\u00e1sa, tartalmak megoszt\u00e1sa vagy let\u00f6lt\u00e9se c\u00e9lj\u00e1b\u00f3l.\u201d<\/em><\/p>\n<\/blockquote>\n\n\n\n<p>A jogi sz\u00f6vegben szerepl\u0151 \u201e\u00f6r\u00f6k\u00f6s\u201d \u00e9s \u201evisszavonhatatlan\u201d kifejez\u00e9sek teh\u00e1t szerint\u00fck <strong>nem \u00faj kelet\u0171ek<\/strong>, \u00e9s a platform technikai m\u0171k\u00f6d\u00e9se miatt sz\u00fcks\u00e9gesek \u2013 p\u00e9ld\u00e1ul amikor egy sablont sokan haszn\u00e1lnak \u00fajra.<\/p>\n\n\n\n<h2 class=\"wp-block-heading\"><strong>Mi\u00e9rt k\u00fcl\u00f6n\u00f6sen probl\u00e9m\u00e1s ez a profiknak?<\/strong><\/h2>\n\n\n\n<p>Ak\u00e1r a CapCut sz\u00e1nd\u00e9ka j\u00f3hiszem\u0171, ak\u00e1r nem, a val\u00f3s\u00e1g az, hogy a megfogalmaz\u00e1s <strong>jogilag lehet\u0151v\u00e9 teszi<\/strong>, hogy:<\/p>\n\n\n\n<ul class=\"wp-block-list\">\n<li>a felt\u00f6lt\u00f6tt vide\u00f3dat a platform haszn\u00e1lja fel,<\/li>\n\n\n\n<li>ak\u00e1r <strong>kereskedelmi c\u00e9llal is<\/strong>,<\/li>\n\n\n\n<li>\u00e9s <strong>b\u00e1rmif\u00e9le kompenz\u00e1ci\u00f3 vagy \u00e9rtes\u00edt\u00e9s n\u00e9lk\u00fcl<\/strong>.<\/li>\n<\/ul>\n\n\n\n<p>Ha te is:<\/p>\n\n\n\n<ul class=\"wp-block-list\">\n<li><strong>\u00fcgyfelek megb\u00edz\u00e1s\u00e1b\u00f3l dolgozol<\/strong>,<\/li>\n\n\n\n<li><strong>rekl\u00e1m- vagy kamp\u00e1nyvide\u00f3kat k\u00e9sz\u00edtesz<\/strong>,<\/li>\n\n\n\n<li>vagy <strong>\u00e9rz\u00e9keny szem\u00e9lyes vagy m\u00e1rk\u00e1s tartalmakat szerkesztesz<\/strong>,<\/li>\n<\/ul>\n\n\n\n<p>akkor ez a jogi h\u00e1tt\u00e9r azt jelenti, hogy <strong>a CapCut b\u00e1rmikor jogosult lehet ezek felhaszn\u00e1l\u00e1s\u00e1ra \u2013 elm\u00e9letben ak\u00e1r egy j\u00f6v\u0151beli rekl\u00e1mban is<\/strong>.<\/p>\n\n\n\n<p>\u00c9s a legfontosabb: <strong>nem tudod visszavonni a beleegyez\u00e9sedet<\/strong>. Hi\u00e1ba t\u00f6rl\u00f6d a fi\u00f3kodat vagy a vide\u00f3kat \u2013 a jogokat m\u00e1r \u00e1tadtad.<\/p>\n\n\n\n<figure class=\"wp-block-image size-large\"><img decoding=\"async\" width=\"1024\" height=\"684\" src=\"https:\/\/22media.sk\/wp-content\/uploads\/2025\/07\/close-up-busy-lady-filling-document-checking-sms-phone-min-1024x684.jpg\" alt=\"\" class=\"wp-image-4332\" srcset=\"https:\/\/22media.sk\/wp-content\/uploads\/2025\/07\/close-up-busy-lady-filling-document-checking-sms-phone-min-1024x684.jpg 1024w, https:\/\/22media.sk\/wp-content\/uploads\/2025\/07\/close-up-busy-lady-filling-document-checking-sms-phone-min-300x200.jpg 300w, https:\/\/22media.sk\/wp-content\/uploads\/2025\/07\/close-up-busy-lady-filling-document-checking-sms-phone-min-768x513.jpg 768w, https:\/\/22media.sk\/wp-content\/uploads\/2025\/07\/close-up-busy-lady-filling-document-checking-sms-phone-min-1536x1025.jpg 1536w, https:\/\/22media.sk\/wp-content\/uploads\/2025\/07\/close-up-busy-lady-filling-document-checking-sms-phone-min-2048x1367.jpg 2048w\" sizes=\"(max-width: 1024px) 100vw, 1024px\" \/><\/figure>\n\n\n\n<h2 class=\"wp-block-heading\"><strong>7 biztons\u00e1gosabb vide\u00f3szerkeszt\u0151 app CapCut helyett<\/strong><\/h2>\n\n\n\n<p>Szerencs\u00e9re nem vagy egyed\u00fcl, \u00e9s nem is maradsz profi eszk\u00f6z n\u00e9lk\u00fcl. A k\u00f6vetkez\u0151 alkalmaz\u00e1sok nem k\u00f6vetelnek \u00f6r\u00f6k jogokat a tartalmaidra, <strong>\u00e1tl\u00e1that\u00f3bb felt\u00e9telekkel<\/strong> dolgoznak, \u00e9s t\u00f6bb k\u00f6z\u00fcl\u00fck m\u00e1r most is <strong>piacvezet\u0151 alternat\u00edva<\/strong>.<\/p>\n\n\n\n<figure class=\"wp-block-image size-full\"><img decoding=\"async\" width=\"1024\" height=\"768\" src=\"https:\/\/22media.sk\/wp-content\/uploads\/2025\/07\/Blogcikk-tablazat-CapCut-alternativak.png\" alt=\"\" class=\"wp-image-4314\" srcset=\"https:\/\/22media.sk\/wp-content\/uploads\/2025\/07\/Blogcikk-tablazat-CapCut-alternativak.png 1024w, https:\/\/22media.sk\/wp-content\/uploads\/2025\/07\/Blogcikk-tablazat-CapCut-alternativak-300x225.png 300w, https:\/\/22media.sk\/wp-content\/uploads\/2025\/07\/Blogcikk-tablazat-CapCut-alternativak-768x576.png 768w\" sizes=\"(max-width: 1024px) 100vw, 1024px\" \/><\/figure>\n\n\n\n<h3 class=\"wp-block-heading\">1. <strong><a href=\"https:\/\/creators.instagram.com\/blog\/edits-video-creation-app?locale=en_US\" target=\"_blank\" rel=\"noopener\">Edits <\/a>(Instagram)<\/strong><\/h3>\n\n\n\n<p>Instagramra szabott, ingyenes <a href=\"https:\/\/creators.instagram.com\/blog\/edits-video-creation-app?locale=en_US\" target=\"_blank\" rel=\"noopener\">vide\u00f3szerkeszt\u0151 <\/a>kulcsk\u00e9pkock\u00e1s v\u00e1g\u00e1ssal, AI-effektekkel \u00e9s trendk\u00f6vet\u00e9ssel.<br><strong>Ide\u00e1lis Insta Reelshez, influenszer kamp\u00e1nyokhoz.<\/strong><\/p>\n\n\n\n<h3 class=\"wp-block-heading\">2. <strong><a href=\"https:\/\/filmora.wondershare.net\/\" target=\"_blank\" rel=\"noopener\">Filmora<\/a><\/strong><\/h3>\n\n\n\n<p>Professzion\u00e1lis <a href=\"https:\/\/filmora.wondershare.net\/\" target=\"_blank\" rel=\"noopener\">szerkeszt\u0151 <\/a>AI-funkci\u00f3kkal, stock k\u00f6nyvt\u00e1rral, k\u00f6z\u00f6ss\u00e9gi sablonokkal.<br><strong>Rekl\u00e1mfilmekhez, oktat\u00f3vide\u00f3khoz, m\u00e1rk\u00e1s social tartalomhoz.<\/strong><\/p>\n\n\n\n<h3 class=\"wp-block-heading\">3. <strong>Spring (by <a href=\"https:\/\/www.kinemaster.com\/\" target=\"_blank\" rel=\"noopener\">KineMaster<\/a>)<\/strong><\/h3>\n\n\n\n<p>CapCut-st\u00edlus\u00fa <a href=\"https:\/\/www.kinemaster.com\/\" target=\"_blank\" rel=\"noopener\">app <\/a>j\u00f3 exportmin\u0151s\u00e9ggel, id\u0151vonalas szerkeszt\u00e9ssel \u00e9s hangkever\u0151vel.<br><strong>TikTok kamp\u00e1nyokhoz, gyors v\u00e1g\u00e1sokhoz.<\/strong><\/p>\n\n\n\n<h3 class=\"wp-block-heading\">4. <strong><a href=\"https:\/\/www.vlognow.me\/\" target=\"_blank\" rel=\"noopener\">VN Video Editor<\/a><\/strong><\/h3>\n\n\n\n<p>R\u00e9teg-alap\u00fa, <a href=\"https:\/\/www.vlognow.me\/\" target=\"_blank\" rel=\"noopener\">prec\u00edz <\/a>szerkeszt\u00e9s profiknak, zene- \u00e9s sz\u00f6vegr\u00e9tegekkel.<br><strong>YouTube-vide\u00f3khoz, storytelling posztokhoz, m\u00e1rkafilmekhez.<\/strong><\/p>\n\n\n\n<h3 class=\"wp-block-heading\">5. <strong><a href=\"https:\/\/www.adobe.com\/products\/premiere-rush.html\" target=\"_blank\" rel=\"noopener\">Adobe Premiere Rush<\/a><\/strong><\/h3>\n\n\n\n<p>Az <a href=\"https:\/\/www.adobe.com\/products\/premiere-rush.html\" target=\"_blank\" rel=\"noopener\">Adobe <\/a>\u00f6kosziszt\u00e9ma r\u00e9sze, drag-and-drop szerkeszt\u00e9ssel, cross-platform t\u00e1mogat\u00e1ssal.<br><strong>R\u00f6vid form\u00e1tum\u00fa vide\u00f3khoz, vlogokhoz, Reelshez.<\/strong><\/p>\n\n\n\n<h3 class=\"wp-block-heading\">6. <strong><a href=\"https:\/\/www.videoleapapp.com\/\" target=\"_blank\" rel=\"noopener\">VideoLeap<\/a><\/strong><\/h3>\n\n\n\n<p>Vizualit\u00e1sra \u00e9p\u00fcl\u0151 app kaleidoszk\u00f3p-effekttel, AI-zoommal, vide\u00f3mixerrel.<br><strong>Egyedi, l\u00e1tv\u00e1nyos kamp\u00e1nyvide\u00f3khoz.<\/strong><\/p>\n\n\n\n<h3 class=\"wp-block-heading\">7. <strong><a href=\"https:\/\/inshot.com\/\" target=\"_blank\" rel=\"noopener\">InShot<\/a><\/strong><\/h3>\n\n\n\n<p>Egyszer\u0171, gyors v\u00e1g\u00f3app zen\u00e9vel, matric\u00e1kkal, filterekkel \u2013 <a href=\"https:\/\/www.videoleapapp.com\/\" target=\"_blank\" rel=\"noopener\">kezd\u0151knek <\/a>ide\u00e1lis.<br><strong>Insta Stories, alap social posztok, kis kamp\u00e1nyvide\u00f3k.<\/strong><\/p>\n\n\n\n<figure class=\"wp-block-image size-large\"><img loading=\"lazy\" decoding=\"async\" width=\"1024\" height=\"700\" src=\"https:\/\/22media.sk\/wp-content\/uploads\/2025\/07\/technology-hologram-illustrated-min-1024x700.jpg\" alt=\"\" class=\"wp-image-4336\" srcset=\"https:\/\/22media.sk\/wp-content\/uploads\/2025\/07\/technology-hologram-illustrated-min-1024x700.jpg 1024w, https:\/\/22media.sk\/wp-content\/uploads\/2025\/07\/technology-hologram-illustrated-min-300x205.jpg 300w, https:\/\/22media.sk\/wp-content\/uploads\/2025\/07\/technology-hologram-illustrated-min-768x525.jpg 768w, https:\/\/22media.sk\/wp-content\/uploads\/2025\/07\/technology-hologram-illustrated-min-1536x1050.jpg 1536w, https:\/\/22media.sk\/wp-content\/uploads\/2025\/07\/technology-hologram-illustrated-min-2048x1400.jpg 2048w\" sizes=\"(max-width: 1024px) 100vw, 1024px\" \/><\/figure>\n\n\n\n<h2 class=\"wp-block-heading\"><strong>\u00d6sszefoglal\u00e1<\/strong>s<\/h2>\n\n\n\n<p>A CapCut \u00faj szab\u00e1lyzata <strong>komoly agg\u00e1lyokat vet fel<\/strong>: amit felt\u00f6ltesz, az \u00f6r\u00f6kre a platform\u00e9 maradhat \u2013 m\u00e9g ha le is t\u00f6rl\u00f6d. Ez k\u00fcl\u00f6n\u00f6sen vesz\u00e9lyes lehet, ha:<\/p>\n\n\n\n<ul class=\"wp-block-list\">\n<li>\u00fcgyfeleknek dolgozol,<\/li>\n\n\n\n<li>m\u00e1rkatartalmakat k\u00e9sz\u00edtesz,<\/li>\n\n\n\n<li>vagy fontos sz\u00e1modra a kreat\u00edv kontroll \u00e9s adatbiztons\u00e1g.<br><\/li>\n<\/ul>\n\n\n\n<p>A j\u00f3 h\u00edr? Rengeteg megb\u00edzhat\u00f3 \u00e9s <strong>biztons\u00e1gosabb alternat\u00edva<\/strong> l\u00e9tezik \u2013 sok k\u00f6z\u00fcl\u00fck r\u00e1ad\u00e1sul <strong>t\u00f6bbet is tud<\/strong>.<\/p>\n\n\n\n<p>K\u00e9rd\u00e9sed van, melyik app lenne a legjobb a te vide\u00f3idhoz vagy kamp\u00e1nyodhoz?<br>\u00cdrj nek\u00fcnk, seg\u00edt\u00fcnk v\u00e1lasztani.<\/p>\n\n\n\n<h3 class=\"wp-block-heading\">Forr\u00e1sok:&nbsp;&nbsp;<\/h3>\n\n\n\n<ul class=\"wp-block-list\">\n<li><a href=\"https:\/\/www.capcut.com\/clause\/terms-of-service\" target=\"_blank\" rel=\"noopener\">CapCut<\/a><\/li>\n\n\n\n<li><a href=\"https:\/\/www.androidpolice.com\/safe-capcut-alternative-apps\/\" target=\"_blank\" rel=\"noopener\">Android Police&nbsp;<\/a><\/li>\n\n\n\n<li><a href=\"https:\/\/marketing4ecommerce.net\/en\/capcut-new-terms\/\" target=\"_blank\" rel=\"noopener\">Marketing 4 ecommerce<\/a><\/li>\n\n\n\n<li><a href=\"https:\/\/torro.io\/blog\/capcut-policy-update\" target=\"_blank\" rel=\"noopener\">Torro io&nbsp;<\/a><\/li>\n<\/ul>\n\n\n\n<p><\/p>\n","protected":false},"excerpt":{"rendered":"<p>Sokan m\u00e9g mindig CapCutot haszn\u00e1lnak napi szinten vide\u00f3ik v\u00e1g\u00e1s\u00e1ra, legyen sz\u00f3 TikTok, Instagram Reels vagy b\u00e1rmir\u0151l. De 2025 nyar\u00e1n valami alapvet\u0151en megv\u00e1ltozott. A CapCut \u00faj felhaszn\u00e1l\u00e1si felt\u00e9telei ugyanis l\u00e9nyeg\u00e9ben \u00f6r\u00f6kre \u00e1tadj\u00e1k a felt\u00f6lt\u00f6tt tartalmaid jogait a ByteDance-nek, a TikTok anyac\u00e9g\u00e9nek. \u00c9s nem csak a vide\u00f3idr\u00f3l van sz\u00f3, hanem a nevedr\u0151l, arcodr\u00f3l, hangodr\u00f3l \u00e9s minden kreat\u00edv [&hellip;]<\/p>\n","protected":false},"author":1,"featured_media":4345,"comment_status":"closed","ping_status":"open","sticky":false,"template":"","format":"standard","meta":{"_acf_changed":false,"footnotes":""},"categories":[72,73],"tags":[85,101,48],"class_list":["post-4339","post","type-post","status-publish","format-standard","has-post-thumbnail","hentry","category-ujdonsagok","category-blog","tag-85","tag-capcut-2","tag-social-media-hu"],"acf":[],"_links":{"self":[{"href":"https:\/\/22media.sk\/hu\/wp-json\/wp\/v2\/posts\/4339","targetHints":{"allow":["GET"]}}],"collection":[{"href":"https:\/\/22media.sk\/hu\/wp-json\/wp\/v2\/posts"}],"about":[{"href":"https:\/\/22media.sk\/hu\/wp-json\/wp\/v2\/types\/post"}],"author":[{"embeddable":true,"href":"https:\/\/22media.sk\/hu\/wp-json\/wp\/v2\/users\/1"}],"replies":[{"embeddable":true,"href":"https:\/\/22media.sk\/hu\/wp-json\/wp\/v2\/comments?post=4339"}],"version-history":[{"count":0,"href":"https:\/\/22media.sk\/hu\/wp-json\/wp\/v2\/posts\/4339\/revisions"}],"wp:featuredmedia":[{"embeddable":true,"href":"https:\/\/22media.sk\/hu\/wp-json\/wp\/v2\/media\/4345"}],"wp:attachment":[{"href":"https:\/\/22media.sk\/hu\/wp-json\/wp\/v2\/media?parent=4339"}],"wp:term":[{"taxonomy":"category","embeddable":true,"href":"https:\/\/22media.sk\/hu\/wp-json\/wp\/v2\/categories?post=4339"},{"taxonomy":"post_tag","embeddable":true,"href":"https:\/\/22media.sk\/hu\/wp-json\/wp\/v2\/tags?post=4339"}],"curies":[{"name":"wp","href":"https:\/\/api.w.org\/{rel}","templated":true}]}}