{"id":3829,"date":"2025-03-07T15:42:04","date_gmt":"2025-03-07T14:42:04","guid":{"rendered":"https:\/\/22media.sk\/?p=3829"},"modified":"2025-05-28T10:24:03","modified_gmt":"2025-05-28T08:24:03","slug":"tiszta-viz-tiszta-elet-nemeth-antal-es-az-euro-clear-kuldetese","status":"publish","type":"post","link":"https:\/\/22media.sk\/hu\/tiszta-viz-tiszta-elet-nemeth-antal-es-az-euro-clear-kuldetese\/","title":{"rendered":"Tiszta v\u00edz, tiszta \u00e9let: N\u00e9meth Antal \u00e9s az Euro-Clear k\u00fcldet\u00e9se"},"content":{"rendered":"\n<p><strong>A v\u00edz az \u00e9let alapja \u2013 ezt mindannyian tudjuk. De vajon el\u00e9g figyelmet ford\u00edtunk-e annak min\u0151s\u00e9g\u00e9re? N\u00e9meth Antal, az Euro-Clear Kft. tulajdonosa, \u00fcgyvezet\u0151 igazgat\u00f3ja szerint sokan csak akkor kapnak \u00e9szbe, amikor m\u00e1r megjelennek a probl\u00e9m\u00e1k. Pedig a megfelel\u0151 v\u00edzkezel\u00e9s nemcsak az eg\u00e9szs\u00e9g\u00fcnk, hanem otthonunk v\u00e9delme szempontj\u00e1b\u00f3l is kulcsfontoss\u00e1g\u00fa.<\/strong><\/p>\n\n\n\n<h2 class=\"wp-block-heading\"><strong>L\u00e1thatatlan vesz\u00e9lyek<\/strong>&nbsp;<\/h2>\n\n\n\n<p>Sokan \u00fagy gondolj\u00e1k, ha a csapb\u00f3l tiszta v\u00edz folyik, akkor az automatikusan j\u00f3 min\u0151s\u00e9g\u0171 is. A val\u00f3s\u00e1g azonban enn\u00e9l \u00f6sszetettebb. A v\u00edzben oldott anyagok \u2013 p\u00e9ld\u00e1ul a t\u00falzott kem\u00e9nys\u00e9get okoz\u00f3 \u00e1sv\u00e1nyi anyagok vagy az esetleges mikroorganizmusok \u2013 hossz\u00fa t\u00e1von komoly k\u00e1rokat okozhatnak. Nemcsak a h\u00e1ztart\u00e1si g\u00e9pek \u00e9lettartam\u00e1t r\u00f6vid\u00edtik meg, hanem eg\u00e9szs\u00e9g\u00fcgyi kock\u00e1zatokat is hordozhatnak.&nbsp;<\/p>\n\n\n\n<p>Anti r\u00e9szletesen elmagyar\u00e1zza, mely term\u00e9kek szolg\u00e1lnak a biol\u00f3giai, illetve k\u00e9miai k\u00e1rok kik\u00fcsz\u00f6b\u00f6l\u00e9s\u00e9re.<\/p>\n\n\n\n<h2 class=\"wp-block-heading\"><strong>COVID okozta gazdas\u00e1gi hanyatl\u00e1s<\/strong><\/h2>\n\n\n\n<p>A Covid-19-j\u00e1rv\u00e1ny &#8211; ahogy az egy\u00e9b \u00fczlet\u00e1gakat &#8211; a v\u00edztiszt\u00edt\u00f3 berendez\u00e9sek piac\u00e1t is m\u00e9ly g\u00f6d\u00f6rbe tasz\u00edtotta. A hossz\u00fa hetekre le\u00e1ll\u00f3 gy\u00e1rak \u00fajranyit\u00e1skor is rengeteget szenvedtek az \u00e1lland\u00f3 megbeteged\u00e9sekkel, valamint a term\u00e9kdobozok \u00e9s a kont\u00e9nerek hi\u00e1ny\u00e1val.<\/p>\n\n\n\n<p>Ezek a t\u00e9nyez\u0151k mind-mind id\u0151vesztes\u00e9get, illetve fel\u00e1rat vontak maguk ut\u00e1n.<\/p>\n\n\n\n<h2 class=\"wp-block-heading\"><strong>Glob\u00e1lis trendek az \u00fczleti vil\u00e1gban<\/strong>&nbsp;<\/h2>\n\n\n\n<p>A v\u00edztiszt\u00edt\u00f3k nemzetk\u00f6zi piaca csakugyan hordozhat \u00e9rdekes t\u00f6rt\u00e9neteket. Anti sz\u00e1mtalan t\u00e1rgyal\u00e1son vett m\u00e1r r\u00e9szt, \u00e9s ahogy tapasztalta, a vil\u00e1g k\u00fcl\u00f6nb\u00f6z\u0151 r\u00e9szein \u00e9l\u0151 emberek bizony k\u00fcl\u00f6nb\u00f6z\u0151 m\u00f3dokon t\u00e1rgyalnak. Nyugaton az \u00fczleti partnerek k\u00f6nnyed\u00e9n l\u00e9pnek \u00e1t egyik t\u00e9m\u00e1r\u00f3l a m\u00e1sikra, m\u00edg keleten a konzervat\u00edvabb st\u00edlust kedvelik, ugyanis a megbesz\u00e9l\u00e9s k\u00f6zponti t\u00e9m\u00e1j\u00e1t\u00f3l nem sz\u00edvesen t\u00e9rnek el.&nbsp;&nbsp;&nbsp;&nbsp;&nbsp;&nbsp;<\/p>\n\n\n\n<h2 class=\"wp-block-heading\"><strong>Takar\u00e9kosabb j\u00f6v\u0151<\/strong><\/h2>\n\n\n\n<p>A besz\u00e9lget\u00e9s sor\u00e1n N\u00e9meth Antal a v\u00edztiszt\u00edt\u00e1s szakmai j\u00f6v\u0151j\u00e9r\u0151l is mes\u00e9lt. Az Euro-Clear Kft. egyik \u00e1lland\u00f3, k\u00ednai besz\u00e1ll\u00edt\u00f3ja p\u00e9ld\u00e1ul egy extra alacsony nyom\u00e1s\u00fa membr\u00e1nnal friss\u00edtette a term\u00e9keit, ami az ipari szegmensben m\u0171k\u00f6d\u0151 v\u00e9gfelhaszn\u00e1l\u00f3knak jelent megtakar\u00edt\u00e1sokat.<\/p>\n\n\n\n<p>Ilyesfajta &#8211; a term\u00e9kek m\u0171k\u00f6d\u00e9s\u00e9t \u00e9s \u00fczemeltet\u00e9s\u00e9t apr\u00f3 l\u00e9p\u00e9sekben jav\u00edt\u00f3 &#8211; fejleszt\u00e9sek folyamatosan \u00e9rkeznek.<\/p>\n\n\n\n<figure class=\"wp-block-embed is-type-video is-provider-youtube wp-block-embed-youtube wp-embed-aspect-16-9 wp-has-aspect-ratio\"><div class=\"wp-block-embed__wrapper\">\n<iframe title=\"Ha v\u00edzr\u0151l van sz\u00f3, nincs kompromisszum | N\u00e9meth Antal | SparkTalk \u2728\" width=\"800\" height=\"450\" src=\"https:\/\/www.youtube.com\/embed\/4O65ECHEDFA?start=2129&#038;feature=oembed\" frameborder=\"0\" allow=\"accelerometer; autoplay; clipboard-write; encrypted-media; gyroscope; picture-in-picture; web-share\" referrerpolicy=\"strict-origin-when-cross-origin\" allowfullscreen><\/iframe>\n<\/div><\/figure>\n\n\n\n<p><strong>Ne hagyj\u00e1tok ki a SparkTalk Podcast kor\u00e1bbi epiz\u00f3djait sem, melyekben a csokol\u00e1d\u00e9, a telev\u00edzi\u00f3s h\u00edrszerkeszt\u00e9s \u00e9s a Netflix vil\u00e1g\u00e1ban mer\u00fclhettek el. Kattintsatok <\/strong><a href=\"https:\/\/www.youtube.com\/@SparkTalk-b9x\" target=\"_blank\" rel=\"noopener\"><strong>IDE<\/strong><\/a><strong>!<\/strong><\/p>\n\n\n\n<p><\/p>\n","protected":false},"excerpt":{"rendered":"<p>A v\u00edz az \u00e9let alapja \u2013 ezt mindannyian tudjuk. De vajon el\u00e9g figyelmet ford\u00edtunk-e annak min\u0151s\u00e9g\u00e9re? N\u00e9meth Antal, az Euro-Clear Kft. tulajdonosa, \u00fcgyvezet\u0151 igazgat\u00f3ja szerint sokan csak akkor kapnak \u00e9szbe, amikor m\u00e1r megjelennek a probl\u00e9m\u00e1k. Pedig a megfelel\u0151 v\u00edzkezel\u00e9s nemcsak az eg\u00e9szs\u00e9g\u00fcnk, hanem otthonunk v\u00e9delme szempontj\u00e1b\u00f3l is kulcsfontoss\u00e1g\u00fa. L\u00e1thatatlan vesz\u00e9lyek&nbsp; Sokan \u00fagy gondolj\u00e1k, ha a [&hellip;]<\/p>\n","protected":false},"author":1,"featured_media":4101,"comment_status":"closed","ping_status":"open","sticky":false,"template":"","format":"standard","meta":{"_acf_changed":false,"footnotes":""},"categories":[73,72],"tags":[91,92,93],"class_list":["post-3829","post","type-post","status-publish","format-standard","has-post-thumbnail","hentry","category-blog","category-ujdonsagok","tag-euro-clear","tag-referencia","tag-spark-talk"],"acf":[],"_links":{"self":[{"href":"https:\/\/22media.sk\/hu\/wp-json\/wp\/v2\/posts\/3829","targetHints":{"allow":["GET"]}}],"collection":[{"href":"https:\/\/22media.sk\/hu\/wp-json\/wp\/v2\/posts"}],"about":[{"href":"https:\/\/22media.sk\/hu\/wp-json\/wp\/v2\/types\/post"}],"author":[{"embeddable":true,"href":"https:\/\/22media.sk\/hu\/wp-json\/wp\/v2\/users\/1"}],"replies":[{"embeddable":true,"href":"https:\/\/22media.sk\/hu\/wp-json\/wp\/v2\/comments?post=3829"}],"version-history":[{"count":0,"href":"https:\/\/22media.sk\/hu\/wp-json\/wp\/v2\/posts\/3829\/revisions"}],"wp:featuredmedia":[{"embeddable":true,"href":"https:\/\/22media.sk\/hu\/wp-json\/wp\/v2\/media\/4101"}],"wp:attachment":[{"href":"https:\/\/22media.sk\/hu\/wp-json\/wp\/v2\/media?parent=3829"}],"wp:term":[{"taxonomy":"category","embeddable":true,"href":"https:\/\/22media.sk\/hu\/wp-json\/wp\/v2\/categories?post=3829"},{"taxonomy":"post_tag","embeddable":true,"href":"https:\/\/22media.sk\/hu\/wp-json\/wp\/v2\/tags?post=3829"}],"curies":[{"name":"wp","href":"https:\/\/api.w.org\/{rel}","templated":true}]}}