{"id":3704,"date":"2024-12-20T20:38:52","date_gmt":"2024-12-20T19:38:52","guid":{"rendered":"https:\/\/22media.sk\/?p=3704"},"modified":"2024-12-20T20:38:57","modified_gmt":"2024-12-20T19:38:57","slug":"uj-trendek-uj-lehetosegek-kozossegi-media-marketing-2025-ben","status":"publish","type":"post","link":"https:\/\/22media.sk\/hu\/uj-trendek-uj-lehetosegek-kozossegi-media-marketing-2025-ben\/","title":{"rendered":"\u00daj trendek, \u00faj lehet\u0151s\u00e9gek: k\u00f6z\u00f6ss\u00e9gi m\u00e9dia marketing 2025-ben"},"content":{"rendered":"\n<p><strong>Ahogy 2025 fel\u00e9 haladunk, a k\u00f6z\u00f6ss\u00e9gi m\u00e9dia marketing folyamatosan \u00e1talakul. Gondolj csak a TikTok megjelen\u00e9s\u00e9re, amely p\u00e1r \u00e9v alatt teljesen \u00e1trendezte a tartalomfogyaszt\u00e1si szok\u00e1sokat \u2013 hasonl\u00f3 forradalmi v\u00e1ltoz\u00e1sokra sz\u00e1m\u00edthatunk a k\u00f6zelj\u00f6v\u0151ben is. Az \u00faj trendek k\u00f6z\u00fcl a m\u00e9lyebb szem\u00e9lyre szabhat\u00f3s\u00e1g, az AI okos alkalmaz\u00e1sa \u00e9s az autentikus m\u00e1rkakommunik\u00e1ci\u00f3 emelkedik ki. A siker kulcsa az alkalmazkod\u00e1s \u2013 az \u00faj technol\u00f3gi\u00e1k beemel\u00e9se \u00e9s a kreativit\u00e1s \u00f6tv\u00f6z\u00e9se. L\u00e1ssuk, mit tartogat 2025 a k\u00f6z\u00f6ss\u00e9gi m\u00e9dia marketing vil\u00e1g\u00e1ban!<\/strong><\/p>\n\n\n\n<h2 class=\"wp-block-heading\"><strong>Generat\u00edv AI: Val\u00f3ban t\u00falh\u00e1jpolt?<\/strong><\/h2>\n\n\n\n<p>Manaps\u00e1g szinte mindenhol a generat\u00edv AI-r\u0151l besz\u00e9lnek. Egyesek szerint ez a j\u00f6v\u0151 mesters\u00e9ges intelligenci\u00e1ja, amely k\u00e9pes lehet <strong>komplex<\/strong> <strong>probl\u00e9m\u00e1k<\/strong> <strong>megold\u00e1s\u00e1ra<\/strong> vagy <strong>\u00faj<\/strong> <strong>\u00f6tletek<\/strong> <strong>l\u00e9trehoz\u00e1s\u00e1ra<\/strong> emberi beavatkoz\u00e1s n\u00e9lk\u00fcl. P\u00e9ld\u00e1ul a <em>DALL\u00b7E k\u00e9pgener\u00e1l\u00f3<\/em> AI m\u00e1r most leny\u0171g\u00f6z\u0151 eredm\u00e9nyeket \u00e9r el vizu\u00e1lis tartalmak k\u00e9sz\u00edt\u00e9s\u00e9ben, m\u00edg a ChatGPT az \u00fcgyf\u00e9lszolg\u00e1latok automatiz\u00e1l\u00e1s\u00e1t seg\u00edti. Azonban az &#8222;<strong>\u00f6n\u00e1ll\u00f3 gondolkod\u00e1s<\/strong>&#8221; egyel\u0151re m\u00e9g v\u00e1rat mag\u00e1ra \u2013 a jelenlegi AI-eszk\u00f6z\u00f6k ink\u00e1bb a m\u00e1r megl\u00e9v\u0151 mint\u00e1k \u00e9s adatok feldolgoz\u00e1s\u00e1ban jeleskednek.<\/p>\n\n\n\n<figure class=\"wp-block-image size-large\"><img fetchpriority=\"high\" decoding=\"async\" width=\"1024\" height=\"768\" src=\"https:\/\/22media.sk\/wp-content\/uploads\/2024\/12\/2025-generative-ai-1024x768.jpg\" alt=\"\" class=\"wp-image-3708\" srcset=\"https:\/\/22media.sk\/wp-content\/uploads\/2024\/12\/2025-generative-ai-1024x768.jpg 1024w, https:\/\/22media.sk\/wp-content\/uploads\/2024\/12\/2025-generative-ai-300x225.jpg 300w, https:\/\/22media.sk\/wp-content\/uploads\/2024\/12\/2025-generative-ai-768x576.jpg 768w, https:\/\/22media.sk\/wp-content\/uploads\/2024\/12\/2025-generative-ai-1536x1152.jpg 1536w, https:\/\/22media.sk\/wp-content\/uploads\/2024\/12\/2025-generative-ai.jpg 2000w\" sizes=\"(max-width: 1024px) 100vw, 1024px\" \/><\/figure>\n\n\n\n<h2 class=\"wp-block-heading\"><strong>Facebook \u00e9s az \u00faj AI-centrikus ir\u00e1nyvonal<\/strong><\/h2>\n\n\n\n<p>Eml\u00e9kszel, amikor a Facebook (ma m\u00e1r Meta) a bar\u00e1ti kapcsolatok \u00e9p\u00edt\u00e9s\u00e9r\u0151l sz\u00f3lt? Ez a haj\u00f3 el\u00faszott. A platform most ink\u00e1bb a <strong>sz\u00f3rakoz\u00e1sra<\/strong> <strong>helyezi<\/strong> <strong>a<\/strong> <strong>hangs\u00falyt<\/strong>, \u00e9s hatalmas \u00f6sszegeket fektet AI-eszk\u00f6z\u00f6k fejleszt\u00e9s\u00e9be. Az olyan technol\u00f3gi\u00e1k, mint a <strong>k\u00e9pgener\u00e1l\u00f3<\/strong> <strong>AI<\/strong>, egyre ink\u00e1bb sz\u00f3rakoztat\u00f3 tartalmakat hoznak l\u00e9tre. Ugyanakkor ez vesz\u00e9lyeket is rejt: ha a platformot el\u00e1rasztj\u00e1k az AI \u00e1ltal gener\u00e1lt tartalmak, az k\u00f6nnyen <strong>spam-szer\u0171v\u00e9<\/strong> v\u00e1lhat, \u00e9s hosszabb t\u00e1von cs\u00f6kkentheti a felhaszn\u00e1l\u00f3i \u00e9lm\u00e9nyt.<\/p>\n\n\n\n<p>Az AI-alap\u00fa <em>moder\u00e1ci\u00f3s eszk\u00f6z\u00f6k<\/em> fejleszt\u00e9se szint\u00e9n k\u00f6zponti szerepet j\u00e1tszik, hogy kisz\u0171rj\u00e9k a t\u00e9ves vagy f\u00e9lrevezet\u0151 inform\u00e1ci\u00f3kat.\u00a0<\/p>\n\n\n\n<figure class=\"wp-block-image size-full\"><img decoding=\"async\" width=\"600\" height=\"395\" src=\"https:\/\/22media.sk\/wp-content\/uploads\/2024\/12\/fb_ai_image_ex.png\" alt=\"\" class=\"wp-image-3712\" srcset=\"https:\/\/22media.sk\/wp-content\/uploads\/2024\/12\/fb_ai_image_ex.png 600w, https:\/\/22media.sk\/wp-content\/uploads\/2024\/12\/fb_ai_image_ex-300x198.png 300w\" sizes=\"(max-width: 600px) 100vw, 600px\" \/><figcaption class=\"wp-element-caption\"><em><sup>Source: <a href=\"https:\/\/www.socialmediatoday.com\/news\/26-predictions-social-media-marketing-2025\/731576\/\" target=\"_blank\" rel=\"noopener\">Social Media Today<\/a><\/sup><\/em><\/figcaption><\/figure>\n\n\n\n<h2 class=\"wp-block-heading\"><strong>Virtu\u00e1lis val\u00f3s\u00e1g \u00e9s a metaverzum nagy \u00e1lmai<\/strong><\/h2>\n\n\n\n<p>Meta egy m\u00e1sik nagy projektje a <strong>virtu\u00e1lis val\u00f3s\u00e1g (VR)<\/strong> \u00e9s a <strong>metaverzum<\/strong> <strong>integr\u00e1l\u00e1sa<\/strong> <strong>a<\/strong> <strong>mindennapjainkba<\/strong>. <\/p>\n\n\n\n<figure class=\"wp-block-image size-large\"><img decoding=\"async\" width=\"1024\" height=\"576\" src=\"https:\/\/22media.sk\/wp-content\/uploads\/2024\/12\/2025-vr-meta-1024x576.jpg\" alt=\"\" class=\"wp-image-3716\" srcset=\"https:\/\/22media.sk\/wp-content\/uploads\/2024\/12\/2025-vr-meta-1024x576.jpg 1024w, https:\/\/22media.sk\/wp-content\/uploads\/2024\/12\/2025-vr-meta-300x169.jpg 300w, https:\/\/22media.sk\/wp-content\/uploads\/2024\/12\/2025-vr-meta-768x432.jpg 768w, https:\/\/22media.sk\/wp-content\/uploads\/2024\/12\/2025-vr-meta-1536x864.jpg 1536w, https:\/\/22media.sk\/wp-content\/uploads\/2024\/12\/2025-vr-meta-2048x1152.jpg 2048w\" sizes=\"(max-width: 1024px) 100vw, 1024px\" \/><\/figure>\n\n\n\n<p>A Horizon Worlds platform lehet\u0151v\u00e9 teszi, hogy a felhaszn\u00e1l\u00f3k <strong>saj\u00e1t virtu\u00e1lis tereket hozzanak l\u00e9tre<\/strong>, mik\u00f6zben <strong>val\u00f3s idej\u0171 interakci\u00f3kra is lehet\u0151s\u00e9g van<\/strong>. K\u00e9pzeld el, hogy r\u00e9szt vehetsz egy virtu\u00e1lis konferenci\u00e1n, vagy kipr\u00f3b\u00e1lhatod egy term\u00e9k dem\u00f3j\u00e1t an\u00e9lk\u00fcl, hogy kil\u00e9pn\u00e9l az otthonodb\u00f3l. Az AR-technol\u00f3gia szint\u00e9n nagy szerepet kap, p\u00e9ld\u00e1ul az e-kereskedelemben, ahol a <em>\u201epr\u00f3b\u00e1ld fel\u201d funkci\u00f3k <\/em>n\u00f6velik a v\u00e1s\u00e1rl\u00f3i el\u00e9gedetts\u00e9get.<\/p>\n\n\n\n<h2 class=\"wp-block-heading\"><strong>Vide\u00f3s tartalom \u00e9s AI-alap\u00fa hirdet\u00e9sek<\/strong><\/h2>\n\n\n\n<p>A Facebook jelenleg a <strong>vide\u00f3s<\/strong> <strong>tartalmakat<\/strong> helyezi el\u0151t\u00e9rbe. Gondolj csak a <strong>Reelsre<\/strong> \u2013 ezek szinte megugrasztj\u00e1k a felhaszn\u00e1l\u00f3i aktivit\u00e1st. Az AI-alap\u00fa hirdet\u00e9si eszk\u00f6z\u00f6k, mint az <strong>Advantage+<\/strong>, m\u00e1r most leny\u0171g\u00f6z\u0151 eredm\u00e9nyeket hoznak.&nbsp;<\/p>\n\n\n\n<figure class=\"wp-block-image size-full\"><img loading=\"lazy\" decoding=\"async\" width=\"600\" height=\"425\" src=\"https:\/\/22media.sk\/wp-content\/uploads\/2024\/12\/meta_advantage2.png\" alt=\"\" class=\"wp-image-3722\" srcset=\"https:\/\/22media.sk\/wp-content\/uploads\/2024\/12\/meta_advantage2.png 600w, https:\/\/22media.sk\/wp-content\/uploads\/2024\/12\/meta_advantage2-300x213.png 300w\" sizes=\"(max-width: 600px) 100vw, 600px\" \/><figcaption class=\"wp-element-caption\"><sup>Source: <a href=\"https:\/\/www.socialmediatoday.com\/news\/how-to-take-advantage-of-metas-advantage-shopping-campaigns\/640002\/\" target=\"_blank\" rel=\"noopener\">Social Media Today<\/a><\/sup><\/figcaption><\/figure>\n\n\n\n<p>Ez azt jelenti, hogy a j\u00f6v\u0151ben az <strong>AI d\u00f6nti el, ki l\u00e1ssa a hirdet\u00e9sed<\/strong>, p\u00e9ld\u00e1ul a kor\u00e1bbi v\u00e1s\u00e1rl\u00e1si szok\u00e1sok \u00e9s az interakci\u00f3k alapj\u00e1n. A vide\u00f3s form\u00e1tumok n\u00e9pszer\u0171s\u00e9ge tov\u00e1bb fog n\u00f6vekedni, k\u00fcl\u00f6n\u00f6sen az \u00e9l\u0151 k\u00f6zvet\u00edt\u00e9sek \u00e9s az oktat\u00f3 tartalmak ter\u00fclet\u00e9n.<\/p>\n\n\n\n<h2 class=\"wp-block-heading\"><strong>Instagram: TikTok vagy Facebook?<\/strong><\/h2>\n\n\n\n<p>Instagram mintha <strong>identit\u00e1sv\u00e1ls\u00e1gban<\/strong> lenne. <strong>Egyszerre pr\u00f3b\u00e1l TikTokk\u00e9nt \u00e9s Facebookk\u00e9nt m\u0171k\u00f6dni<\/strong>, de egyik szerep sem illik hozz\u00e1 t\u00f6k\u00e9letesen. Ugyanakkor az AI-alap\u00fa eszk\u00f6z\u00f6k, p\u00e9ld\u00e1ul a sz\u00f6veg-gener\u00e1l\u00f3 filterek \u00e9s a vizu\u00e1lis tartalomhoz ill\u0151 zeneaj\u00e1nl\u00f3k, seg\u00edtenek az alkot\u00f3knak m\u00e9g kreat\u00edvabb tartalmak el\u0151\u00e1ll\u00edt\u00e1s\u00e1ban. Az Instagram v\u00e1rhat\u00f3an egyre ink\u00e1bb <strong>az influencerek \u00e9s a kisebb alkot\u00f3i k\u00f6z\u00f6ss\u00e9gek t\u00e1mogat\u00e1s\u00e1ra fog f\u00f3kusz\u00e1lni, mik\u00f6zben hangs\u00falyt helyez a v\u00e1s\u00e1rl\u00e1si \u00e9lm\u00e9nyre.<\/strong><\/p>\n\n\n\n<h2 class=\"wp-block-heading\"><strong>Pinterest: AI \u00e9s AR a v\u00e1s\u00e1rl\u00e1s \u00e9lm\u00e9ny\u00e9\u00e9rt<\/strong><\/h2>\n\n\n\n<p>A Pinterest nem pr\u00f3b\u00e1l k\u00f6z\u00f6ss\u00e9gi h\u00e1l\u00f3zatt\u00e1 v\u00e1lni \u2013 \u00e9s ez teljesen rendben van. Ehelyett a <strong>term\u00e9kek felfedez\u00e9s\u00e9re \u00e9s megv\u00e1s\u00e1rl\u00e1s\u00e1ra f\u00f3kusz\u00e1l.<\/strong> Az AI-alap\u00fa eszk\u00f6z\u00f6k, mint a testalkathoz igaz\u00edthat\u00f3 sz\u0171r\u0151k \u00e9s az AR-alap\u00fa \u201e<strong>pr\u00f3b\u00e1ld ki<\/strong>\u201d funkci\u00f3k, nagyban seg\u00edtik a felhaszn\u00e1l\u00f3kat a jobb v\u00e1s\u00e1rl\u00e1si d\u00f6nt\u00e9sek meghozatal\u00e1ban. A Pinterest Predicts jelent\u00e9se szerint az AR-alap\u00fa v\u00e1s\u00e1rl\u00e1s 2025-re a platform egyik f\u0151 er\u0151ss\u00e9ge lesz, k\u00fcl\u00f6n\u00f6sen a <strong>lakberendez\u00e9s<\/strong> <strong>\u00e9s<\/strong> <strong>divat<\/strong> <strong>ter\u00fclet\u00e9n<\/strong>.<\/p>\n\n\n\n<figure class=\"wp-block-image size-full\"><img loading=\"lazy\" decoding=\"async\" width=\"600\" height=\"398\" src=\"https:\/\/22media.sk\/wp-content\/uploads\/2024\/12\/pinterest_body_type_ranges-1.png\" alt=\"\" class=\"wp-image-3720\" srcset=\"https:\/\/22media.sk\/wp-content\/uploads\/2024\/12\/pinterest_body_type_ranges-1.png 600w, https:\/\/22media.sk\/wp-content\/uploads\/2024\/12\/pinterest_body_type_ranges-1-300x199.png 300w\" sizes=\"(max-width: 600px) 100vw, 600px\" \/><figcaption class=\"wp-element-caption\"><sup>Source: <a href=\"https:\/\/www.socialmediatoday.com\/news\/26-predictions-social-media-marketing-2025\/731576\/\" target=\"_blank\" rel=\"noopener\">Social Media Today<\/a><\/sup><\/figcaption><\/figure>\n\n\n\n<h2 class=\"wp-block-heading\"><strong>Mit hoz a k\u00f6z\u00f6ss\u00e9gi m\u00e9dia j\u00f6v\u0151je?<\/strong><\/h2>\n\n\n\n<p>A k\u00f6z\u00f6ss\u00e9gi m\u00e9dia vil\u00e1g\u00e1ban a v\u00e1ltoz\u00e1sok gyakran gyorsabbak, mint ahogyan alkalmazkodni tudunk hozz\u00e1juk. <strong>Az olyan platformok, mint a TikTok \u00e9s a Meta, radik\u00e1lisan alak\u00edtj\u00e1k \u00e1t a tartalomfogyaszt\u00e1si szok\u00e1sokat, m\u00edg a generat\u00edv AI eszk\u00f6z\u00f6k forradalmas\u00edtj\u00e1k a tartalomgy\u00e1rt\u00e1st.<\/strong> <strong>A m\u00e1rk\u00e1k sz\u00e1m\u00e1ra a kih\u00edv\u00e1s abban rejlik, hogy megtal\u00e1lj\u00e1k az egyens\u00falyt az innov\u00e1ci\u00f3 \u00e9s a hiteless\u00e9g k\u00f6z\u00f6tt. <\/strong>Vajon hogyan reag\u00e1lnak erre a felhaszn\u00e1l\u00f3k, akik egyre ink\u00e1bb az \u00e9rt\u00e9kalap\u00fa tartalmakat keresik?<\/p>\n\n\n\n<figure class=\"wp-block-image size-large\"><img loading=\"lazy\" decoding=\"async\" width=\"1024\" height=\"683\" src=\"https:\/\/22media.sk\/wp-content\/uploads\/2024\/12\/2025-trends-1024x683.jpg\" alt=\"\" class=\"wp-image-3725\" srcset=\"https:\/\/22media.sk\/wp-content\/uploads\/2024\/12\/2025-trends-1024x683.jpg 1024w, https:\/\/22media.sk\/wp-content\/uploads\/2024\/12\/2025-trends-300x200.jpg 300w, https:\/\/22media.sk\/wp-content\/uploads\/2024\/12\/2025-trends-768x512.jpg 768w, https:\/\/22media.sk\/wp-content\/uploads\/2024\/12\/2025-trends-1536x1024.jpg 1536w, https:\/\/22media.sk\/wp-content\/uploads\/2024\/12\/2025-trends-2048x1366.jpg 2048w\" sizes=\"(max-width: 1024px) 100vw, 1024px\" \/><\/figure>\n\n\n\n<h3 class=\"wp-block-heading\"><strong>\u00daj trendek: Hogyan alak\u00edtj\u00e1k \u00e1t a m\u00e1rk\u00e1k a tartalomk\u00e9sz\u00edt\u00e9st?<\/strong><\/h3>\n\n\n\n<ol class=\"wp-block-list\">\n<li><strong>Episodikus \u00e9s k\u00f6zepes hossz\u00fas\u00e1g\u00fa tartalmak<\/strong><strong><br><\/strong>A m\u00e1rk\u00e1k egyre ink\u00e1bb sorozatszer\u0171 tartalmakat gy\u00e1rtanak, amelyek <strong>60-90 m\u00e1sodpercben<\/strong> mes\u00e9lnek el egy-egy t\u00f6rt\u00e9netet.\u00a0<\/li>\n\n\n\n<li><strong>Saj\u00e1t tartalomk\u00e9sz\u00edt\u0151 csapatok<\/strong><strong><br><\/strong>Egyre t\u00f6bb m\u00e1rka alkalmaz bels\u0151s vide\u00f3k\u00e9sz\u00edt\u0151 szakembereket, akik jobban \u00e9rtik a TikTok vagy Instagram dinamik\u00e1j\u00e1t, mint a hagyom\u00e1nyos marketingesek. Ezek a csapatok k\u00e9pesek kreat\u00edv, relev\u00e1ns tartalmakat gy\u00e1rtani, mik\u00f6zben gyorsan reag\u00e1lnak a trendekre.<\/li>\n\n\n\n<li><strong>Interakt\u00edv k\u00f6z\u00f6ss\u00e9gi platformok<\/strong><strong><br><\/strong>K\u00e9pzeld el, hogy egy m\u00e1rka TikTok-vide\u00f3j\u00e1nak folytat\u00e1s\u00e1t a n\u00e9z\u0151k hozz\u00e1sz\u00f3l\u00e1sai alak\u00edtj\u00e1k. Az interakt\u00edv tartalmak nemcsak sz\u00f3rakoztat\u00f3bbak, hanem m\u00e9lyebb kapcsolatot is teremtenek a k\u00f6z\u00f6ns\u00e9ggel.<\/li>\n\n\n\n<li><strong>SEO a hashtagek helyett<br><\/strong>Mivel az Instagram m\u00e1r nem engedi k\u00f6vetni a hashtageket, a <strong>kulcsszavak<\/strong> veszik \u00e1t a hely\u00fcket. Ez\u00e9rt a m\u00e1rk\u00e1k egyre ink\u00e1bb \u00f6sszpontos\u00edtanak <strong>a \u201eGoogle-bar\u00e1t\u201d le\u00edr\u00e1sokra<\/strong>, hogy a tartalmaik jobban el\u00e9rhet\u0151ek legyenek. Az AI-eszk\u00f6z\u00f6k ebben is seg\u00edtenek, p\u00e9ld\u00e1ul az automatikus kulcssz\u00f3-javaslatokkal.<\/li>\n<\/ol>\n\n\n\n<h2 class=\"wp-block-heading\"><strong>2025: Egy \u00faj korszak kezdete<\/strong><\/h2>\n\n\n\n<p>A k\u00f6z\u00f6ss\u00e9gi m\u00e9dia tele van v\u00e1ltoz\u00e1ssal. A r\u00f6vid vide\u00f3kt\u00f3l kezdve a hosszabb, interakt\u00edv tartalmakig minden a k\u00f6z\u00f6ns\u00e9g val\u00f3di bevon\u00e1s\u00e1ra \u00e9p\u00edt. Ha a m\u00e1rk\u00e1k k\u00e9pesek egyes\u00edteni a kreativit\u00e1st, az AI hat\u00e9konys\u00e1g\u00e1t \u00e9s az emberk\u00f6zpont\u00fa szeml\u00e9letet, akkor 2025-ben val\u00f3ban nagy dolgokra sz\u00e1m\u00edthatunk.<\/p>\n\n\n\n<h4 class=\"wp-block-heading\">Forr\u00e1sok:&nbsp;<\/h4>\n\n\n\n<ul class=\"wp-block-list\">\n<li><a href=\"https:\/\/www.socialmediatoday.com\/news\/26-predictions-social-media-marketing-2025\/731576\/\" target=\"_blank\" rel=\"noopener\">Social Media Today<\/a><\/li>\n\n\n\n<li><a href=\"https:\/\/futuresocial.beehiiv.com\/p\/2025-social-media-content-and-creator-predictions\" target=\"_blank\" rel=\"noopener\">Future Social <\/a><\/li>\n\n\n\n<li><a href=\"https:\/\/www.hootsuite.com\/research\/social-trends?srsltid=AfmBOordTL_kcz2PstSkl6g7KVRiGgRQ0FnQrgaP_tJA85vXPKT0C5wr\" target=\"_blank\" rel=\"noopener\">HootSuite<\/a><\/li>\n\n\n\n<li><a href=\"https:\/\/sproutsocial.com\/insights\/future-of-social-media\/\" target=\"_blank\" rel=\"noopener\">Sprout Social<\/a><\/li>\n\n\n\n<li><a href=\"https:\/\/www.loomly.com\/blog\/social-media-trends\" target=\"_blank\" rel=\"noopener\">Loomly<\/a> <\/li>\n<\/ul>\n","protected":false},"excerpt":{"rendered":"<p>Ahogy 2025 fel\u00e9 haladunk, a k\u00f6z\u00f6ss\u00e9gi m\u00e9dia marketing folyamatosan \u00e1talakul. Gondolj csak a TikTok megjelen\u00e9s\u00e9re, amely p\u00e1r \u00e9v alatt teljesen \u00e1trendezte a tartalomfogyaszt\u00e1si szok\u00e1sokat \u2013 hasonl\u00f3 forradalmi v\u00e1ltoz\u00e1sokra sz\u00e1m\u00edthatunk a k\u00f6zelj\u00f6v\u0151ben is. Az \u00faj trendek k\u00f6z\u00fcl a m\u00e9lyebb szem\u00e9lyre szabhat\u00f3s\u00e1g, az AI okos alkalmaz\u00e1sa \u00e9s az autentikus m\u00e1rkakommunik\u00e1ci\u00f3 emelkedik ki. A siker kulcsa az alkalmazkod\u00e1s [&hellip;]<\/p>\n","protected":false},"author":1,"featured_media":3710,"comment_status":"closed","ping_status":"open","sticky":false,"template":"","format":"standard","meta":{"_acf_changed":false,"footnotes":""},"categories":[72],"tags":[85,84,48],"class_list":["post-3704","post","type-post","status-publish","format-standard","has-post-thumbnail","hentry","category-ujdonsagok","tag-85","tag-generative-ai","tag-social-media-hu"],"acf":[],"_links":{"self":[{"href":"https:\/\/22media.sk\/hu\/wp-json\/wp\/v2\/posts\/3704","targetHints":{"allow":["GET"]}}],"collection":[{"href":"https:\/\/22media.sk\/hu\/wp-json\/wp\/v2\/posts"}],"about":[{"href":"https:\/\/22media.sk\/hu\/wp-json\/wp\/v2\/types\/post"}],"author":[{"embeddable":true,"href":"https:\/\/22media.sk\/hu\/wp-json\/wp\/v2\/users\/1"}],"replies":[{"embeddable":true,"href":"https:\/\/22media.sk\/hu\/wp-json\/wp\/v2\/comments?post=3704"}],"version-history":[{"count":0,"href":"https:\/\/22media.sk\/hu\/wp-json\/wp\/v2\/posts\/3704\/revisions"}],"wp:featuredmedia":[{"embeddable":true,"href":"https:\/\/22media.sk\/hu\/wp-json\/wp\/v2\/media\/3710"}],"wp:attachment":[{"href":"https:\/\/22media.sk\/hu\/wp-json\/wp\/v2\/media?parent=3704"}],"wp:term":[{"taxonomy":"category","embeddable":true,"href":"https:\/\/22media.sk\/hu\/wp-json\/wp\/v2\/categories?post=3704"},{"taxonomy":"post_tag","embeddable":true,"href":"https:\/\/22media.sk\/hu\/wp-json\/wp\/v2\/tags?post=3704"}],"curies":[{"name":"wp","href":"https:\/\/api.w.org\/{rel}","templated":true}]}}