{"id":3656,"date":"2024-12-12T13:57:16","date_gmt":"2024-12-12T12:57:16","guid":{"rendered":"https:\/\/22media.sk\/?p=3656"},"modified":"2024-12-12T13:57:20","modified_gmt":"2024-12-12T12:57:20","slug":"instagram-updates-minden-amit-az-uj-funkciokrol-tudnod-kell","status":"publish","type":"post","link":"https:\/\/22media.sk\/hu\/instagram-updates-minden-amit-az-uj-funkciokrol-tudnod-kell\/","title":{"rendered":"Instagram Updates: Minden, amit az \u00faj funkci\u00f3kr\u00f3l tudnod kell"},"content":{"rendered":"\n<p><strong>Az Instagram mostan\u00e1ban sorra rukkol el\u0151 izgalmas funkci\u00f3kkal, amelyek nemcsak a platform haszn\u00e1lat\u00e1t k\u00f6nny\u00edtik meg, hanem szem\u00e9lyre szabottabb \u00e9s \u00e1tl\u00e1that\u00f3bb \u00e9lm\u00e9nyt is \u00edg\u00e9rnek. N\u00e9zz\u00fck, mit tartogatnak sz\u00e1modra ezek az \u00faj\u00edt\u00e1sok!*<\/strong><\/p>\n\n\n\n<p><em>*Ezek az \u00faj funkci\u00f3k a leg\u00fajabb verzi\u00f3ban \u00e9rhet\u0151k el, de el\u0151fordulhat, hogy nem mindenki sz\u00e1m\u00e1ra v\u00e1lnak azonnal el\u00e9rhet\u0151v\u00e9.<\/em><\/p>\n\n\n\n<h2 class=\"wp-block-heading\"><strong>Friss kezd\u00e9s: Algoritmus-vissza\u00e1ll\u00edt\u00e1s<\/strong><\/h2>\n\n\n\n<p>Eleged van abb\u00f3l, hogy a h\u00edrfolyamod tele van olyan tartalmakkal, amelyek m\u00e1r nem \u00e9rdekelnek? Az Instagram most tesztel egy funkci\u00f3t, amely lehet\u0151v\u00e9 teszi, hogy vissza\u00e1ll\u00edtsd az algoritmusodat \u2013 <strong>mintha egy tiszta lappal induln\u00e1l<\/strong>. A \u201e<a href=\"https:\/\/about.fb.com\/wp-content\/uploads\/2024\/11\/01_RecReset-2.gif\" target=\"_blank\" rel=\"noopener\">friss kezd\u00e9s<\/a>\u201d sor\u00e1n t\u00f6r\u00f6lheted a tartalomaj\u00e1nl\u00e1sokat a Felfedez\u00e9sben, a Reelsben \u00e9s a f\u0151 h\u00edrcsatorn\u00e1dban, valamint megsz\u00fcntetheted a nem k\u00edv\u00e1nt fi\u00f3kok k\u00f6vet\u00e9s\u00e9t.<\/p>\n\n\n\n<p>Ez a funkci\u00f3 eredetileg tin\u00e9dzsereknek k\u00e9sz\u00fclt, de hamarosan vil\u00e1gszerte el\u00e9rhet\u0151 lesz minden felhaszn\u00e1l\u00f3 sz\u00e1m\u00e1ra. Fontos tudni, hogy<strong> a vissza\u00e1ll\u00edt\u00e1s nem visszaford\u00edthat\u00f3<\/strong>, \u00e9s az algoritmus csak fokozatosan fog \u00fajra fel\u00e9p\u00fclni. Az Instagram vezet\u0151je, <a href=\"https:\/\/www.instagram.com\/reel\/DCjja6Hzc7g\/\" target=\"_blank\" rel=\"noopener\">Adam Mosseri<\/a> szerint ugyan az elk\u00f6telez\u0151d\u00e9si ar\u00e1ny kezdetben cs\u00f6kkenhet, de ha friss \u00e9lm\u00e9nyekre v\u00e1gysz, ez a funkci\u00f3 neked sz\u00f3l!<\/p>\n\n\n\n<figure class=\"wp-block-image size-large\"><img fetchpriority=\"high\" decoding=\"async\" width=\"1024\" height=\"576\" src=\"https:\/\/22media.sk\/wp-content\/uploads\/2024\/12\/ig-update-algoritmus-1-1024x576.png\" alt=\"\" class=\"wp-image-3665\" srcset=\"https:\/\/22media.sk\/wp-content\/uploads\/2024\/12\/ig-update-algoritmus-1-1024x576.png 1024w, https:\/\/22media.sk\/wp-content\/uploads\/2024\/12\/ig-update-algoritmus-1-300x169.png 300w, https:\/\/22media.sk\/wp-content\/uploads\/2024\/12\/ig-update-algoritmus-1-768x432.png 768w, https:\/\/22media.sk\/wp-content\/uploads\/2024\/12\/ig-update-algoritmus-1-1536x864.png 1536w, https:\/\/22media.sk\/wp-content\/uploads\/2024\/12\/ig-update-algoritmus-1.png 1920w\" sizes=\"(max-width: 1024px) 100vw, 1024px\" \/><figcaption class=\"wp-element-caption\"><em>Zdroj: https:\/\/about.fb.com\/news\/2024\/11\/introducing-recommendations-reset-instagram\/<\/em><\/figcaption><\/figure>\n\n\n\n<h2 class=\"wp-block-heading\"><strong>Story Highlight-ok \u00faj helyen<\/strong><\/h2>\n\n\n\n<p><strong>A Story Highlightok<\/strong> (kiemelt t\u00f6rt\u00e9netek) <strong>elk\u00f6lt\u00f6znek<\/strong>! A profilodon megszokott helyr\u0151l, a r\u00e1cs fel\u00fcl egy k\u00fcl\u00f6n\u00e1ll\u00f3 f\u00fclre ker\u00fclnek, amelyet egy \u00faj, lekerek\u00edtett sz\u00edv ikon jel\u00f6l majd. Az \u00faj f\u00fclben a Highlightokat t\u00e9m\u00e1nk\u00e9nt, vertik\u00e1lisan rendezett b\u00e9lyegk\u00e9pek seg\u00edts\u00e9g\u00e9vel \u00e9rheted el.<\/p>\n\n\n\n<figure class=\"wp-block-image aligncenter size-full\"><img decoding=\"async\" width=\"400\" height=\"419\" src=\"https:\/\/22media.sk\/wp-content\/uploads\/2024\/12\/ig-update-highlights-are-moving-1.png\" alt=\"\" class=\"wp-image-3667\" srcset=\"https:\/\/22media.sk\/wp-content\/uploads\/2024\/12\/ig-update-highlights-are-moving-1.png 400w, https:\/\/22media.sk\/wp-content\/uploads\/2024\/12\/ig-update-highlights-are-moving-1-286x300.png 286w\" sizes=\"(max-width: 400px) 100vw, 400px\" \/><figcaption class=\"wp-element-caption\"><em>Zdroj: Social Media Today<\/em><\/figcaption><\/figure>\n\n\n\n<p>Hab\u00e1r a kiemelt t\u00f6rt\u00e9netek <strong>tov\u00e1bbra is megjelennek<\/strong> a f\u0151 profilgridben, a pontos megjelen\u00edt\u00e9si sorrend m\u00e9g nem ismert. Ez az apr\u00f3, \u00e1m hasznos v\u00e1ltoztat\u00e1s jobban \u00e1tl\u00e1that\u00f3v\u00e1 teszi a profilodat, mik\u00f6zben a kedvenc t\u00f6rt\u00e9neteidet k\u00f6nnyen el\u00e9rheted egy helyen.<\/p>\n\n\n\n<h2 class=\"wp-block-heading\"><strong>Tiszt\u00edtsd meg a k\u00f6vet\u0151id list\u00e1j\u00e1t!<\/strong><\/h2>\n\n\n\n<p>Az Instagram mostant\u00f3l <strong>seg\u00edt azonos\u00edtani az inakt\u00edv k\u00f6vet\u0151ket<\/strong>, hogy egy<strong> letisztultabb \u00e9s akt\u00edvabb k\u00f6z\u00f6ns\u00e9get \u00e9p\u00edthess<\/strong>. A \u201eK\u00f6vet\u0151k\u201d list\u00e1ban egy \u00faj kateg\u00f3ri\u00e1t tal\u00e1lsz, amely kiemeli a deaktiv\u00e1lt \u00e9s inakt\u00edv profilokat.<\/p>\n\n\n\n<figure class=\"wp-block-image size-full\"><img decoding=\"async\" width=\"828\" height=\"641\" src=\"https:\/\/22media.sk\/wp-content\/uploads\/2024\/12\/ig-update-followers-clean-1.jpg\" alt=\"\" class=\"wp-image-3669\" srcset=\"https:\/\/22media.sk\/wp-content\/uploads\/2024\/12\/ig-update-followers-clean-1.jpg 828w, https:\/\/22media.sk\/wp-content\/uploads\/2024\/12\/ig-update-followers-clean-1-300x232.jpg 300w, https:\/\/22media.sk\/wp-content\/uploads\/2024\/12\/ig-update-followers-clean-1-768x595.jpg 768w\" sizes=\"(max-width: 828px) 100vw, 828px\" \/><\/figure>\n\n\n\n<h3 class=\"wp-block-heading\">Mi\u00e9rt \u00e9rdemes t\u00f6r\u00f6lni az inakt\u00edv fi\u00f3kokat? <\/h3>\n\n\n\n<p>El\u0151sz\u00f6r is, ezek rontj\u00e1k az elk\u00f6telez\u0151d\u00e9si statisztik\u00e1kat. M\u00e1sodszor, az aj\u00e1nlott hirdet\u00e9seid pontoss\u00e1g\u00e1t is befoly\u00e1solhatj\u00e1k, mivel a c\u00e9lk\u00f6z\u00f6ns\u00e9gedr\u0151l sz\u00f3l\u00f3 adatok kev\u00e9sb\u00e9 lesznek relev\u00e1nsak. Ha val\u00f3ban akt\u00edv \u00e9s \u00e9rdekl\u0151d\u0151 k\u00f6vet\u0151b\u00e1zist szeretn\u00e9l, ez a funkci\u00f3 aranyat \u00e9rhet. Persze, ha sz\u00e1modra a k\u00f6vet\u0151sz\u00e1m fontosabb, ak\u00e1r meg is tarthatod \u0151ket \u2013 a d\u00f6nt\u00e9s a te kezedben van!<\/p>\n\n\n\n<h2 class=\"wp-block-heading\"><strong>A hashtag-k\u00f6vet\u00e9s b\u00facs\u00faja<\/strong><\/h2>\n\n\n\n<p>Az Instagram egy radik\u00e1lis l\u00e9p\u00e9st tett a<strong> spam elleni k\u00fczdelemben<\/strong>:<strong> elt\u00e1vol\u00edtotta a hashtag-k\u00f6vet\u00e9s lehet\u0151s\u00e9g\u00e9t.<\/strong> A k\u00f6vetett hashtagekb\u0151l sz\u00e1rmaz\u00f3 posztok \u00e9s Reels vide\u00f3k t\u00f6bb\u00e9 nem jelennek meg a h\u00edrfolyamodban.<\/p>\n\n\n\n<figure class=\"wp-block-image size-large\"><img loading=\"lazy\" decoding=\"async\" width=\"1024\" height=\"803\" src=\"https:\/\/22media.sk\/wp-content\/uploads\/2024\/12\/ig-update-hashtag-1-1024x803.jpg\" alt=\"\" class=\"wp-image-3671\" srcset=\"https:\/\/22media.sk\/wp-content\/uploads\/2024\/12\/ig-update-hashtag-1-1024x803.jpg 1024w, https:\/\/22media.sk\/wp-content\/uploads\/2024\/12\/ig-update-hashtag-1-300x235.jpg 300w, https:\/\/22media.sk\/wp-content\/uploads\/2024\/12\/ig-update-hashtag-1-768x602.jpg 768w, https:\/\/22media.sk\/wp-content\/uploads\/2024\/12\/ig-update-hashtag-1.jpg 1170w\" sizes=\"(max-width: 1024px) 100vw, 1024px\" \/><figcaption class=\"wp-element-caption\"><em>Zdroj: <a href=\"https:\/\/www.threads.net\/@mattnavarra\/post\/DCZxVKAu9i2?xmt=AQGzAH482-qwM9in-lMqZ26gHOOxWZ_UrKLnLGwyTOM6ZA\" target=\"_blank\" rel=\"noreferrer noopener\">https:\/\/www.threads.net\/@mattnavarra<\/a><\/em><\/figcaption><\/figure>\n\n\n\n<p>Ez a v\u00e1ltoztat\u00e1s azoknak sz\u00f3l, <strong>akik belef\u00e1radtak a spam posztok \u00e1radat\u00e1ba<\/strong>, \u00e9s tiszt\u00e1bb, relev\u00e1nsabb tartalmakat szeretn\u00e9nek l\u00e1tni. B\u00e1r a hashtagek tov\u00e1bbra is haszn\u00e1lhat\u00f3k keres\u00e9shez, a szerep\u00fck fokozatosan h\u00e1tt\u00e9rbe szorul, ahogy az Instagram algoritmusai egyre jobban meg\u00e9rtik a tartalmakat \u00e9s a felhaszn\u00e1l\u00f3i \u00e9rdekl\u0151d\u00e9st.<\/p>\n\n\n\n<p>Ez az \u00faj\u00edt\u00e1s az <strong>alkot\u00f3k k\u00f6vet\u00e9s\u00e9re<\/strong> is <strong>\u00f6szt\u00f6n\u00f6z<\/strong>, er\u0151s\u00edtve a platform k\u00f6z\u00f6ss\u00e9gi f\u00f3kusz\u00e1t. Egy korszak v\u00e9ge? Tal\u00e1n. De az \u00e9lm\u00e9ny, amit az Instagram \u00edg\u00e9r, mindenk\u00e9ppen el\u0151remutat\u00f3.<\/p>\n\n\n\n<p>Az Instagram \u00faj\u00edt\u00e1sai megmutatj\u00e1k, hogy a platform folyamatosan fejl\u0151dik, hogy megfeleljen a felhaszn\u00e1l\u00f3k ig\u00e9nyeinek. <strong>Melyik funkci\u00f3t pr\u00f3b\u00e1ln\u00e1d ki el\u0151sz\u00f6r?\u00a0 \ud83d\ude0a<\/strong><\/p>\n\n\n\n<p><em>Forr\u00e1sok:<\/em><\/p>\n\n\n\n<p><a href=\"https:\/\/www.socialmediatoday.com\/news\/instagrams-moving-stories-highlights-their-own-tab\" target=\"_blank\" rel=\"noopener\">https:\/\/www.socialmediatoday.com\/news\/instagrams-moving-stories-highlights-their-own-tab<\/a><br><a href=\"https:\/\/www.socialmediatoday.com\/news\/instagrams-making-easier-remove-inactive-profiles-audience\" target=\"_blank\" rel=\"noreferrer noopener\">https:\/\/www.socialmediatoday.com\/news\/instagrams-making-easier-remove-inactive-profiles-audience <br><\/a><a href=\"https:\/\/www.socialmediatoday.com\/news\/instagrams-removing-option-follow-hashtags\" target=\"_blank\" rel=\"noopener\">https:\/\/www.socialmediatoday.com\/news\/instagrams-removing-option-follow-hashtags<\/a> <\/p>\n","protected":false},"excerpt":{"rendered":"<p>Az Instagram mostan\u00e1ban sorra rukkol el\u0151 izgalmas funkci\u00f3kkal, amelyek nemcsak a platform haszn\u00e1lat\u00e1t k\u00f6nny\u00edtik meg, hanem szem\u00e9lyre szabottabb \u00e9s \u00e1tl\u00e1that\u00f3bb \u00e9lm\u00e9nyt is \u00edg\u00e9rnek. N\u00e9zz\u00fck, mit tartogatnak sz\u00e1modra ezek az \u00faj\u00edt\u00e1sok!* *Ezek az \u00faj funkci\u00f3k a leg\u00fajabb verzi\u00f3ban \u00e9rhet\u0151k el, de el\u0151fordulhat, hogy nem mindenki sz\u00e1m\u00e1ra v\u00e1lnak azonnal el\u00e9rhet\u0151v\u00e9. Friss kezd\u00e9s: Algoritmus-vissza\u00e1ll\u00edt\u00e1s Eleged van abb\u00f3l, hogy [&hellip;]<\/p>\n","protected":false},"author":1,"featured_media":3682,"comment_status":"closed","ping_status":"open","sticky":false,"template":"","format":"standard","meta":{"_acf_changed":false,"footnotes":""},"categories":[72],"tags":[81,82],"class_list":["post-3656","post","type-post","status-publish","format-standard","has-post-thumbnail","hentry","category-ujdonsagok","tag-instagram-2","tag-updates"],"acf":[],"_links":{"self":[{"href":"https:\/\/22media.sk\/hu\/wp-json\/wp\/v2\/posts\/3656","targetHints":{"allow":["GET"]}}],"collection":[{"href":"https:\/\/22media.sk\/hu\/wp-json\/wp\/v2\/posts"}],"about":[{"href":"https:\/\/22media.sk\/hu\/wp-json\/wp\/v2\/types\/post"}],"author":[{"embeddable":true,"href":"https:\/\/22media.sk\/hu\/wp-json\/wp\/v2\/users\/1"}],"replies":[{"embeddable":true,"href":"https:\/\/22media.sk\/hu\/wp-json\/wp\/v2\/comments?post=3656"}],"version-history":[{"count":0,"href":"https:\/\/22media.sk\/hu\/wp-json\/wp\/v2\/posts\/3656\/revisions"}],"wp:featuredmedia":[{"embeddable":true,"href":"https:\/\/22media.sk\/hu\/wp-json\/wp\/v2\/media\/3682"}],"wp:attachment":[{"href":"https:\/\/22media.sk\/hu\/wp-json\/wp\/v2\/media?parent=3656"}],"wp:term":[{"taxonomy":"category","embeddable":true,"href":"https:\/\/22media.sk\/hu\/wp-json\/wp\/v2\/categories?post=3656"},{"taxonomy":"post_tag","embeddable":true,"href":"https:\/\/22media.sk\/hu\/wp-json\/wp\/v2\/tags?post=3656"}],"curies":[{"name":"wp","href":"https:\/\/api.w.org\/{rel}","templated":true}]}}