{"id":3597,"date":"2024-11-07T15:46:10","date_gmt":"2024-11-07T14:46:10","guid":{"rendered":"https:\/\/22media.sk\/?p=3597"},"modified":"2025-05-28T10:37:56","modified_gmt":"2025-05-28T08:37:56","slug":"hazavagyik-a-modern-turista","status":"publish","type":"post","link":"https:\/\/22media.sk\/hu\/hazavagyik-a-modern-turista\/","title":{"rendered":"Hazav\u00e1gyik a modern turista?"},"content":{"rendered":"<p><b>A SparkTalk Podcast 3. epiz\u00f3dj\u00e1ban N\u00e9meth L\u00edvia vend\u00e9geskedik, aki a d\u00e9l-szlov\u00e1kiai turizmus tapasztalt szak\u00e9rt\u0151je. L\u00edvia m\u00e1r 20. \u00e9ve dolgozik a p\u00e1rk\u00e1nyi Vadas Thermal Resort alkalmaz\u00e1s\u00e1ban &#8211; jelenleg \u00e9pp marketing igazgat\u00f3k\u00e9nt -, illetve, ez \u00e9v v\u00e9g\u00e9ig a \u0160t\u00farovo-Parkan Ter\u00fcleti Turisztikai Iroda vezet\u0151i szerep\u00e9t is ell\u00e1tja.\u00a0<\/b><\/p>\n<h2><b>Sz\u00f6sszenet a d\u00e9l-szlov\u00e1k turisztikai r\u00e9gi\u00f3r\u00f3l\u2026<\/b><\/h2>\n<p><span style=\"font-weight: 400;\">L\u00edvia megosztotta vel\u00fcnk, szerinte milyen akad\u00e1lyokba \u00fctk\u00f6zik a d\u00e9l-szlov\u00e1kiai turizmus \u2013 k\u00f6zt\u00fck azt is, hogy a helyiek nem mindig besz\u00e9lnek j\u00f3l szlov\u00e1kul. Ez olyan kih\u00edv\u00e1s, amit a p\u00e1rk\u00e1nyi t\u00e9rs\u00e9gnek \u00e9rtenie \u00e9s kezelnie kell, amennyiben sikeres turisztikai c\u00e9lpontk\u00e9nt szeretne helyt\u00e1llni.\u00a0<\/span><\/p>\n<p><span style=\"font-weight: 400;\">Sz\u00f3 esik a gasztron\u00f3mia fejleszt\u00e9s\u00e9nek \u00e9s a t\u00fara\u00fatvonalak karbantart\u00e1s\u00e1nak fontoss\u00e1g\u00e1r\u00f3l is, hiszen ezek csakugyan hozz\u00e1j\u00e1rulhatnak az igaz\u00e1n tartalmas turista\u00e9lm\u00e9nyhez.<\/span><\/p>\n<h2><b>Mire v\u00e1gyik a 21. sz\u00e1zad turist\u00e1ja?<\/b><\/h2>\n<p><span style=\"font-weight: 400;\">Na, de mi\u00e9rt is olyan fontos a helyi turizmus fellend\u00edt\u00e9se az im\u00e9nt taglalt eszk\u00f6z\u00f6k seg\u00edts\u00e9g\u00e9vel?<\/span><\/p>\n<p><span style=\"font-weight: 400;\">Nos, a modern, 20-as, 30-as \u00e9veikben j\u00e1r\u00f3 fiatal feln\u0151ttek jelent\u0151s r\u00e9sze hamarabb jut el egy tengerparti orsz\u00e1gba, mint p\u00e9ld\u00e1ul a T\u00e1tr\u00e1ba. Gyakran m\u00e1r gyermekk\u00e9nt megtapasztalhatj\u00e1k a tengerv\u00edz s\u00f3s \u00edz\u00e9t, viszont a helyi turisztikai l\u00e1tv\u00e1nyoss\u00e1gokr\u00f3l m\u00e9gcsak nem is hallottak.\u00a0<\/span><\/p>\n<p><span style=\"font-weight: 400;\">Ez\u00e9rt feln\u0151ttk\u00e9nt, p\u00e1rjukkal vagy a bar\u00e1ti t\u00e1rsas\u00e1ggal olyan helyre utazn\u00e1nak, amely \u00faj \u00e9lm\u00e9nyeket tartogat. Ekkor j\u00f6het sz\u00f3ba a region\u00e1lis turizmus, illetve annak fellend\u00edt\u00e9se.<\/span><\/p>\n<h2><b>Fontos a munka, viszont a csal\u00e1d az els\u0151!<\/b><\/h2>\n<p><span style=\"font-weight: 400;\">L\u00edvia \u0151szint\u00e9n megosztotta, mi\u00e9rt d\u00f6nt\u00f6tt amellett, hogy nem hosszabb\u00edtja meg a 2024 v\u00e9g\u00e9n lej\u00e1r\u00f3 szerz\u0151d\u00e9s\u00e9t a \u0160t\u00farovo\u2013Parkan Ter\u00fcleti Turisztikai Iroda \u00e9l\u00e9n. D\u00f6nt\u00e9se m\u00f6g\u00f6tt egyszer\u0171, viszont meghat\u00e1roz\u00f3 sz\u00e1nd\u00e9k h\u00faz\u00f3dik: t\u00f6bb id\u0151t szeretne a csal\u00e1dj\u00e1val t\u00f6lteni, hiszen sz\u00e1m\u00e1ra ez a legfontosabb.\u00a0<\/span><\/p>\n<p><span style=\"font-weight: 400;\">Ezzel \u00faj fejezetet nyit az \u00e9let\u00e9ben, ahol a munka \u00e9s a mag\u00e1n\u00e9let k\u00f6z\u00f6tti egyens\u00faly ker\u00fcl el\u0151t\u00e9rbe.<\/span><\/p>\n<p><iframe title=\"YouTube video player\" src=\"https:\/\/www.youtube.com\/embed\/Xe6qhITuWs0?si=PN7-u-jG6YFSNcmD\" width=\"560\" height=\"315\" frameborder=\"0\" allowfullscreen=\"allowfullscreen\"><\/iframe><\/p>\n<p><b>Ne hagyj\u00e1tok ki a SparkTalk Podcast els\u0151 k\u00e9t epiz\u00f3dj\u00e1t sem, melyekben a csokol\u00e1d\u00e9 \u00e9s a telev\u00edzi\u00f3s h\u00edrszerkeszt\u00e9s vil\u00e1g\u00e1ban mer\u00fclhettek el. Kattintsatok <\/b><a href=\"https:\/\/www.youtube.com\/@SparkTalk-b9x\" target=\"_blank\" rel=\"noopener\"><b>IDE<\/b><\/a><b>!<\/b><\/p>\n<p>&nbsp;<\/p>\n","protected":false},"excerpt":{"rendered":"<p>A SparkTalk Podcast 3. epiz\u00f3dj\u00e1ban N\u00e9meth L\u00edvia vend\u00e9geskedik, aki a d\u00e9l-szlov\u00e1kiai turizmus tapasztalt szak\u00e9rt\u0151je. L\u00edvia m\u00e1r 20. \u00e9ve dolgozik a p\u00e1rk\u00e1nyi Vadas Thermal Resort alkalmaz\u00e1s\u00e1ban &#8211; jelenleg \u00e9pp marketing igazgat\u00f3k\u00e9nt -, illetve, ez \u00e9v v\u00e9g\u00e9ig a \u0160t\u00farovo-Parkan Ter\u00fcleti Turisztikai Iroda vezet\u0151i szerep\u00e9t is ell\u00e1tja.\u00a0 Sz\u00f6sszenet a d\u00e9l-szlov\u00e1k turisztikai r\u00e9gi\u00f3r\u00f3l\u2026 L\u00edvia megosztotta vel\u00fcnk, szerinte milyen akad\u00e1lyokba [&hellip;]<\/p>\n","protected":false},"author":1,"featured_media":4105,"comment_status":"closed","ping_status":"open","sticky":false,"template":"","format":"standard","meta":{"_acf_changed":false,"footnotes":""},"categories":[72,73],"tags":[93],"class_list":["post-3597","post","type-post","status-publish","format-standard","has-post-thumbnail","hentry","category-ujdonsagok","category-blog","tag-spark-talk"],"acf":[],"_links":{"self":[{"href":"https:\/\/22media.sk\/hu\/wp-json\/wp\/v2\/posts\/3597","targetHints":{"allow":["GET"]}}],"collection":[{"href":"https:\/\/22media.sk\/hu\/wp-json\/wp\/v2\/posts"}],"about":[{"href":"https:\/\/22media.sk\/hu\/wp-json\/wp\/v2\/types\/post"}],"author":[{"embeddable":true,"href":"https:\/\/22media.sk\/hu\/wp-json\/wp\/v2\/users\/1"}],"replies":[{"embeddable":true,"href":"https:\/\/22media.sk\/hu\/wp-json\/wp\/v2\/comments?post=3597"}],"version-history":[{"count":0,"href":"https:\/\/22media.sk\/hu\/wp-json\/wp\/v2\/posts\/3597\/revisions"}],"wp:featuredmedia":[{"embeddable":true,"href":"https:\/\/22media.sk\/hu\/wp-json\/wp\/v2\/media\/4105"}],"wp:attachment":[{"href":"https:\/\/22media.sk\/hu\/wp-json\/wp\/v2\/media?parent=3597"}],"wp:term":[{"taxonomy":"category","embeddable":true,"href":"https:\/\/22media.sk\/hu\/wp-json\/wp\/v2\/categories?post=3597"},{"taxonomy":"post_tag","embeddable":true,"href":"https:\/\/22media.sk\/hu\/wp-json\/wp\/v2\/tags?post=3597"}],"curies":[{"name":"wp","href":"https:\/\/api.w.org\/{rel}","templated":true}]}}