{"id":3190,"date":"2024-07-31T13:46:59","date_gmt":"2024-07-31T11:46:59","guid":{"rendered":"https:\/\/22media.sk\/?p=3190"},"modified":"2025-05-28T10:35:08","modified_gmt":"2025-05-28T08:35:08","slug":"a-zax-choco-es-a-varga-hazaspar-edes-tortenete","status":"publish","type":"post","link":"https:\/\/22media.sk\/hu\/a-zax-choco-es-a-varga-hazaspar-edes-tortenete\/","title":{"rendered":"A ZAX Choco \u00e9s a Varga h\u00e1zasp\u00e1r \u00e9des t\u00f6rt\u00e9nete"},"content":{"rendered":"<p><strong>A SparkTalk Podcast els\u0151 epiz\u00f3dj\u00e1ban a csokol\u00e1d\u00e9ipar izgalmas vil\u00e1g\u00e1ban mer\u00fcl\u00fcnk el, ahol a vend\u00e9g\u00fcnk nem m\u00e1s, mint Varga Ferenc, a ZAX csokol\u00e1d\u00e9 manufakt\u00fara alap\u00edt\u00f3ja \u00e9s tulajdonosa volt. Ferenc \u00e9s feles\u00e9ge, Zsuzsa, \u00f6t \u00e9vvel ezel\u0151tt d\u00f6nt\u00f6ttek \u00fagy, hogy k\u00f6z\u00f6s szenved\u00e9ly\u00fcket, a csokol\u00e1d\u00e9 k\u00e9sz\u00edt\u00e9st v\u00e1llalkoz\u00e1ss\u00e1 form\u00e1lj\u00e1k. Az\u00f3ta a ZAX csokol\u00e1d\u00e9i nemcsak a gasztron\u00f3miai vil\u00e1g elismer\u00e9s\u00e9t nyert\u00e9k el, de m\u00e9g az olyan vil\u00e1gh\u00edr\u0171 szt\u00e1rok, mint p\u00e9ld\u00e1ul Ed Sheeran is megk\u00f3stolt\u00e1k &#8211; mi t\u00f6bb, felfalt\u00e1k.<\/strong><\/p>\n<h3><b>H\u00e1tt\u00e9r \u00e9s Inspir\u00e1ci\u00f3<\/b><\/h3>\n<p><span style=\"font-weight: 400;\">A besz\u00e9lget\u00e9s els\u0151 r\u00e9sz\u00e9ben Ferenc megosztotta vel\u00fcnk, hogyan zajlott az \u00e9lete a \u201ccsokigy\u00e1r\u201d el\u0151tt, emellett megtudtuk azt is, hogy mi inspir\u00e1lta \u0151t \u00e9s Zsuzs\u00e1t arra, hogy \u00e9pp ebben az \u00e9letszakaszban l\u00e9pjenek be a csokol\u00e1d\u00e9 \u00fczlet\u00e1gba.<\/span><\/p>\n<h3><b>Kih\u00edv\u00e1sok \u00e9s azok lek\u00fczd\u00e9se<\/b><\/h3>\n<p><span style=\"font-weight: 400;\">Ahogy azt a kor\u00e1bbi blogcikk\u00fcnkben m\u00e1r megeml\u00edtett\u00fck, vend\u00e9geink \u0151szint\u00e9n, kend\u0151zetlen\u00fcl besz\u00e9lnek az \u0151ket \u00e9r\u0151 legnagyobb kih\u00edv\u00e1sokr\u00f3l, melyekkel k\u00e9nytelenek voltak szemben\u00e9zni az \u00fczleti \u00e9let sor\u00e1n. Hallhattuk, Ferenc \u00e9s Zsuzsa mik\u00e9pp k\u00fczd\u00f6tt\u00e9k le ezeket az akad\u00e1lyokat, valamint azt is, milyen tanuls\u00e1gokat vontak le a kezdeti neh\u00e9zs\u00e9gekb\u0151l.<\/span><\/p>\n<h3><b>A ZAX Choco Egyedis\u00e9ge<\/b><\/h3>\n<p><span style=\"font-weight: 400;\">Ferenc bemutatta, mi k\u00fcl\u00f6nb\u00f6zteti meg a ZAX csokit a piac t\u00f6bbi m\u00e1rk\u00e1j\u00e1t\u00f3l. R\u00e9szletezte az alapanyagok beszerz\u00e9si folyamat\u00e1t, illetve azt, mik\u00e9pp seg\u00edtett\u00e9k a min\u0151s\u00e9gi alapanyagok kiemelni a ZAX csokit a versenyt\u00e1rsak k\u00f6z\u00fcl.<\/span><\/p>\n<p><iframe title=\"Ed Sheeran-t\u0151l a jap\u00e1n minisztereln\u00f6k kertj\u00e9ig - a ZAX story | Varga Ferenc | SparkTalk \u2728\" width=\"800\" height=\"450\" src=\"https:\/\/www.youtube.com\/embed\/cxfpUI80VBY?feature=oembed\" frameborder=\"0\" allow=\"accelerometer; autoplay; clipboard-write; encrypted-media; gyroscope; picture-in-picture; web-share\" referrerpolicy=\"strict-origin-when-cross-origin\" allowfullscreen><\/iframe><\/p>\n<p><b>Az epiz\u00f3d rengeteg inspir\u00e1l\u00f3 \u00e9s tanuls\u00e1gos pillanatot tartogat mindazok sz\u00e1m\u00e1ra, akik \u00e9rdekl\u0151dnek a start-upok \u00e9s a csokol\u00e1d\u00e9ipar ir\u00e1nt. Ne feledd, a SparkTalk Podcastot mindig megtal\u00e1lod, ha egy kis motiv\u00e1ci\u00f3ra vagy n\u00e9mi gyakorlati tan\u00e1csra szorulsz. Hallgass minket \u00e9s hagyd, hogy a k\u00f6vetkez\u0151 nagy \u00f6tleted \u201cl\u00e1ngra lobbanjon\u201d!<\/b><\/p>\n<p>&nbsp;<\/p>\n","protected":false},"excerpt":{"rendered":"<p>A SparkTalk Podcast els\u0151 epiz\u00f3dj\u00e1ban a csokol\u00e1d\u00e9ipar izgalmas vil\u00e1g\u00e1ban mer\u00fcl\u00fcnk el, ahol a vend\u00e9g\u00fcnk nem m\u00e1s, mint Varga Ferenc, a ZAX csokol\u00e1d\u00e9 manufakt\u00fara alap\u00edt\u00f3ja \u00e9s tulajdonosa volt. Ferenc \u00e9s feles\u00e9ge, Zsuzsa, \u00f6t \u00e9vvel ezel\u0151tt d\u00f6nt\u00f6ttek \u00fagy, hogy k\u00f6z\u00f6s szenved\u00e9ly\u00fcket, a csokol\u00e1d\u00e9 k\u00e9sz\u00edt\u00e9st v\u00e1llalkoz\u00e1ss\u00e1 form\u00e1lj\u00e1k. Az\u00f3ta a ZAX csokol\u00e1d\u00e9i nemcsak a gasztron\u00f3miai vil\u00e1g elismer\u00e9s\u00e9t nyert\u00e9k el, [&hellip;]<\/p>\n","protected":false},"author":1,"featured_media":4093,"comment_status":"closed","ping_status":"open","sticky":false,"template":"","format":"standard","meta":{"_acf_changed":false,"footnotes":""},"categories":[73],"tags":[],"class_list":["post-3190","post","type-post","status-publish","format-standard","has-post-thumbnail","hentry","category-blog"],"acf":[],"_links":{"self":[{"href":"https:\/\/22media.sk\/hu\/wp-json\/wp\/v2\/posts\/3190","targetHints":{"allow":["GET"]}}],"collection":[{"href":"https:\/\/22media.sk\/hu\/wp-json\/wp\/v2\/posts"}],"about":[{"href":"https:\/\/22media.sk\/hu\/wp-json\/wp\/v2\/types\/post"}],"author":[{"embeddable":true,"href":"https:\/\/22media.sk\/hu\/wp-json\/wp\/v2\/users\/1"}],"replies":[{"embeddable":true,"href":"https:\/\/22media.sk\/hu\/wp-json\/wp\/v2\/comments?post=3190"}],"version-history":[{"count":0,"href":"https:\/\/22media.sk\/hu\/wp-json\/wp\/v2\/posts\/3190\/revisions"}],"wp:featuredmedia":[{"embeddable":true,"href":"https:\/\/22media.sk\/hu\/wp-json\/wp\/v2\/media\/4093"}],"wp:attachment":[{"href":"https:\/\/22media.sk\/hu\/wp-json\/wp\/v2\/media?parent=3190"}],"wp:term":[{"taxonomy":"category","embeddable":true,"href":"https:\/\/22media.sk\/hu\/wp-json\/wp\/v2\/categories?post=3190"},{"taxonomy":"post_tag","embeddable":true,"href":"https:\/\/22media.sk\/hu\/wp-json\/wp\/v2\/tags?post=3190"}],"curies":[{"name":"wp","href":"https:\/\/api.w.org\/{rel}","templated":true}]}}