{"id":3098,"date":"2023-09-21T14:25:02","date_gmt":"2023-09-21T12:25:02","guid":{"rendered":"https:\/\/22media.sk\/?p=3098"},"modified":"2024-07-10T14:32:53","modified_gmt":"2024-07-10T12:32:53","slug":"ragyogo-munka-ami-gyemant-dijat-ert","status":"publish","type":"post","link":"https:\/\/22media.sk\/hu\/ragyogo-munka-ami-gyemant-dijat-ert\/","title":{"rendered":"Ragyog\u00f3 munka, ami Gy\u00e9m\u00e1nt-d\u00edjat \u00e9rt!"},"content":{"rendered":"<p><strong>Sz\u00edvb\u0151l gratul\u00e1lunk partner\u00fcnknek, a Kom\u00e1romi V\u00e1rosmarketing \u00e9s Turisztikai Nonprofit Kft.-nek, amely a szeptemberben megrendezett \u201eMarketing Summit Hungary 2023\u201c g\u00e1l\u00e1r\u00f3l n\u00e9gyszeres Gy\u00e9m\u00e1nt-d\u00edj nyertesk\u00e9nt t\u00e9rhetett haza. Rendk\u00edv\u00fcli \u00f6r\u00f6mmel t\u00f6lt el benn\u00fcnket, hogy a hat\u00e1rokat \u00e1t\u00edvel\u0151 egy\u00fcttm\u0171k\u00f6d\u00e9s eredm\u00e9nyek\u00e9nt 4-b\u0151l 2 Gy\u00e9m\u00e1nt-d\u00edjhoz seg\u00edthett\u00fck hozz\u00e1 a szervezetet.<\/strong><\/p>\n<p>A Z\u00f6ld Kom\u00e1rom projekt szem\u00e9lyes kedvenc\u00fcnkk\u00e9 v\u00e1lt, melyhez az applik\u00e1ci\u00f3n \u00e9s az im\u00e1zsfilmen t\u00fal val\u00f3di arculatot teremthett\u00fcnk. K\u00f6zpontban a kreativit\u00e1s \u00e9s a helyi \u00e9rt\u00e9kek k\u00f6zvet\u00edt\u00e9se.<\/p>\n<p><iframe title=\"Kom\u00e1rom im\u00e1zsfilm 1\/4 - Z\u00f6ldKom\u00e1rom\" width=\"800\" height=\"450\" src=\"https:\/\/www.youtube.com\/embed\/gqYQEBujH0g?feature=oembed\" frameborder=\"0\" allow=\"accelerometer; autoplay; clipboard-write; encrypted-media; gyroscope; picture-in-picture; web-share\" referrerpolicy=\"strict-origin-when-cross-origin\" allowfullscreen><\/iframe><\/p>\n<p>A Kom\u00e1rom V\u00e1ros kommunik\u00e1ci\u00f3s tere p\u00e1ly\u00e1zathoz im\u00e1zsvide\u00f3kat k\u00e9sz\u00edtett\u00fcnk, melynek c\u00e9lkit\u0171z\u00e9se helyt\u00f6rt\u00e9net\u00fcnk renom\u00e9j\u00e1nak \u00f6regb\u00edt\u00e9se volt.<\/p>\n<p>Gratul\u00e1lunk partner\u00fcnknek \u00e9s izgatottan v\u00e1rjuk az \u00fajabb k\u00f6z\u00f6s projekteket!<\/p>\n","protected":false},"excerpt":{"rendered":"<p>Sz\u00edvb\u0151l gratul\u00e1lunk partner\u00fcnknek, a Kom\u00e1romi V\u00e1rosmarketing \u00e9s Turisztikai Nonprofit Kft.-nek, amely a szeptemberben megrendezett \u201eMarketing Summit Hungary 2023\u201c g\u00e1l\u00e1r\u00f3l n\u00e9gyszeres Gy\u00e9m\u00e1nt-d\u00edj nyertesk\u00e9nt t\u00e9rhetett haza. Rendk\u00edv\u00fcli \u00f6r\u00f6mmel t\u00f6lt el benn\u00fcnket, hogy a hat\u00e1rokat \u00e1t\u00edvel\u0151 egy\u00fcttm\u0171k\u00f6d\u00e9s eredm\u00e9nyek\u00e9nt 4-b\u0151l 2 Gy\u00e9m\u00e1nt-d\u00edjhoz seg\u00edthett\u00fck hozz\u00e1 a szervezetet. A Z\u00f6ld Kom\u00e1rom projekt szem\u00e9lyes kedvenc\u00fcnkk\u00e9 v\u00e1lt, melyhez az applik\u00e1ci\u00f3n \u00e9s az im\u00e1zsfilmen [&hellip;]<\/p>\n","protected":false},"author":2,"featured_media":3099,"comment_status":"closed","ping_status":"open","sticky":false,"template":"","format":"standard","meta":{"_acf_changed":false,"footnotes":""},"categories":[72],"tags":[],"class_list":["post-3098","post","type-post","status-publish","format-standard","has-post-thumbnail","hentry","category-ujdonsagok"],"acf":[],"_links":{"self":[{"href":"https:\/\/22media.sk\/hu\/wp-json\/wp\/v2\/posts\/3098","targetHints":{"allow":["GET"]}}],"collection":[{"href":"https:\/\/22media.sk\/hu\/wp-json\/wp\/v2\/posts"}],"about":[{"href":"https:\/\/22media.sk\/hu\/wp-json\/wp\/v2\/types\/post"}],"author":[{"embeddable":true,"href":"https:\/\/22media.sk\/hu\/wp-json\/wp\/v2\/users\/2"}],"replies":[{"embeddable":true,"href":"https:\/\/22media.sk\/hu\/wp-json\/wp\/v2\/comments?post=3098"}],"version-history":[{"count":0,"href":"https:\/\/22media.sk\/hu\/wp-json\/wp\/v2\/posts\/3098\/revisions"}],"wp:featuredmedia":[{"embeddable":true,"href":"https:\/\/22media.sk\/hu\/wp-json\/wp\/v2\/media\/3099"}],"wp:attachment":[{"href":"https:\/\/22media.sk\/hu\/wp-json\/wp\/v2\/media?parent=3098"}],"wp:term":[{"taxonomy":"category","embeddable":true,"href":"https:\/\/22media.sk\/hu\/wp-json\/wp\/v2\/categories?post=3098"},{"taxonomy":"post_tag","embeddable":true,"href":"https:\/\/22media.sk\/hu\/wp-json\/wp\/v2\/tags?post=3098"}],"curies":[{"name":"wp","href":"https:\/\/api.w.org\/{rel}","templated":true}]}}