{"id":3069,"date":"2021-11-13T15:04:02","date_gmt":"2021-11-13T14:04:02","guid":{"rendered":"https:\/\/22media.sk\/uncategorized-hu\/itapa-2021-dijat-kapott-nininana-gyermekfejleszto-es-nyelvoktato-applikacionk\/"},"modified":"2021-11-13T15:04:02","modified_gmt":"2021-11-13T14:04:02","slug":"itapa-2021-dijat-kapott-nininana-gyermekfejleszto-es-nyelvoktato-applikacionk","status":"publish","type":"post","link":"https:\/\/22media.sk\/hu\/itapa-2021-dijat-kapott-nininana-gyermekfejleszto-es-nyelvoktato-applikacionk\/","title":{"rendered":"ITAPA 2021 d\u00edjat kapott NiniNana gyermekfejleszt\u0151 \u00e9s nyelvoktat\u00f3 applik\u00e1ci\u00f3nk"},"content":{"rendered":"<blockquote><p>Szlov\u00e1kia legnagyobb technol\u00f3giai konferenci\u00e1ja, az id\u00e9n 20 \u00e9ves ITAPA ebben az \u00e9vben is d\u00edjazta az \u00e9v legjobb technol\u00f3giai projektjeit. Applik\u00e1ci\u00f3nk megosztott harmadik helyez\u00e9st \u00e9rt el &#8222;Leginnovat\u00edvabb projekt&#8221; kateg\u00f3ri\u00e1ban, holtversenyben v\u00e9gezt\u00fcnk a Szlov\u00e1k G\u00e1zm\u0171vek (SPP) projektj\u00e9vel.  <\/p><\/blockquote>\n<p>A d\u00edjat a pozsonyi g\u00e1laesten a 22MEDIA digit\u00e1lis \u00fcgyn\u00f6ks\u00e9k nev\u00e9ben \u00fcgyvezet\u0151, M\u00facska J\u00f3zsef vette \u00e1t. Az Ahojte polg\u00e1ri t\u00e1rsul\u00e1st pedig Pontyov\u00e1 Bianka projektmenedzser k\u00e9pviselte. Nagyon \u00f6r\u00fcl\u00fcnk a sikernek, hiszen a NiniNana projekt \u00fcgyn\u00f6ks\u00e9g\u00fcnk sz\u00edv\u00fcgye. Az ilyen elismer\u00e9seknek k\u00f6sz\u00f6nhet\u0151en \u00e9rezz\u00fck azt, hogy munk\u00e1nk hasznos a k\u00f6z\u00f6ss\u00e9g sz\u00e1m\u00e1ra \u00e9s meger\u0151s\u00edti benn\u00fcnk az \u00e9rz\u00e9st, miszerint j\u00f3 \u00faton haladunk. <\/p>\n<p><img fetchpriority=\"high\" decoding=\"async\" class=\"wp-image-3056 size-large aligncenter\" src=\"https:\/\/22media.sk\/wp-content\/uploads\/2024\/07\/248093576_4545308888870427_8601535749543190439_n-1024x768.jpg\" alt=\"\" width=\"1024\" height=\"768\" srcset=\"https:\/\/22media.sk\/wp-content\/uploads\/2024\/07\/248093576_4545308888870427_8601535749543190439_n-1024x768.jpg 1024w, https:\/\/22media.sk\/wp-content\/uploads\/2024\/07\/248093576_4545308888870427_8601535749543190439_n-300x225.jpg 300w, https:\/\/22media.sk\/wp-content\/uploads\/2024\/07\/248093576_4545308888870427_8601535749543190439_n-768x576.jpg 768w, https:\/\/22media.sk\/wp-content\/uploads\/2024\/07\/248093576_4545308888870427_8601535749543190439_n-1536x1152.jpg 1536w, https:\/\/22media.sk\/wp-content\/uploads\/2024\/07\/248093576_4545308888870427_8601535749543190439_n.jpg 2048w\" sizes=\"(max-width: 1024px) 100vw, 1024px\" \/><\/p>\n<p>Az alkalmaz\u00e1s jelenleg 4 nyelven, magyarul, szlov\u00e1kul, angolul \u00e9s \u00fajabban m\u00e1r rom\u00e1nul \u00e9rhet\u0151 el. C\u00e9lunk az alkalmaz\u00e1s folyamatos fejleszt\u00e9se, egy t\u00f6bb nyelvet \u00e1tfog\u00f3 v\u00e1ltozatra, rendszeresen b\u0151v\u00fcl\u0151 j\u00e1t\u00e9kt\u00e1rral \u00e9s egy\u00e9b \u00e9rdekess\u00e9gekkel, mely NiniNana Akad\u00e9mia n\u00e9ven \u00e9rkezik, \u00e9s amely rem\u00e9lhet\u0151leg magasabb szintre emeli majd Nini \u00e9s Nana j\u00e1t\u00e9kos vil\u00e1g\u00e1t. <\/p>\n<h2>A projekt t\u00e1mogat\u00f3i:<\/h2>\n<p>O2 F\u00e9rov\u00e1 nad\u00e1cia<br \/>\n#BGA Bethlen G\u00e1bor Alap<br \/>\nFond na podporu kult\u00fary n\u00e1rodnostn\u00fdch men\u0161\u00edn<br \/>\nHarghita Business Center<\/p>\n","protected":false},"excerpt":{"rendered":"<p>Szlov\u00e1kia legnagyobb technol\u00f3giai konferenci\u00e1ja, az id\u00e9n 20 \u00e9ves ITAPA ebben az \u00e9vben is d\u00edjazta az \u00e9v legjobb technol\u00f3giai projektjeit. Applik\u00e1ci\u00f3nk megosztott harmadik helyez\u00e9st \u00e9rt el &#8222;Leginnovat\u00edvabb projekt&#8221; kateg\u00f3ri\u00e1ban, holtversenyben v\u00e9gezt\u00fcnk a Szlov\u00e1k G\u00e1zm\u0171vek (SPP) projektj\u00e9vel. A d\u00edjat a pozsonyi g\u00e1laesten a 22MEDIA digit\u00e1lis \u00fcgyn\u00f6ks\u00e9k nev\u00e9ben \u00fcgyvezet\u0151, M\u00facska J\u00f3zsef vette \u00e1t. Az Ahojte polg\u00e1ri t\u00e1rsul\u00e1st pedig [&hellip;]<\/p>\n","protected":false},"author":1,"featured_media":3055,"comment_status":"closed","ping_status":"open","sticky":false,"template":"","format":"standard","meta":{"_acf_changed":false,"footnotes":""},"categories":[72],"tags":[],"class_list":["post-3069","post","type-post","status-publish","format-standard","has-post-thumbnail","hentry","category-ujdonsagok"],"acf":[],"_links":{"self":[{"href":"https:\/\/22media.sk\/hu\/wp-json\/wp\/v2\/posts\/3069","targetHints":{"allow":["GET"]}}],"collection":[{"href":"https:\/\/22media.sk\/hu\/wp-json\/wp\/v2\/posts"}],"about":[{"href":"https:\/\/22media.sk\/hu\/wp-json\/wp\/v2\/types\/post"}],"author":[{"embeddable":true,"href":"https:\/\/22media.sk\/hu\/wp-json\/wp\/v2\/users\/1"}],"replies":[{"embeddable":true,"href":"https:\/\/22media.sk\/hu\/wp-json\/wp\/v2\/comments?post=3069"}],"version-history":[{"count":0,"href":"https:\/\/22media.sk\/hu\/wp-json\/wp\/v2\/posts\/3069\/revisions"}],"wp:featuredmedia":[{"embeddable":true,"href":"https:\/\/22media.sk\/hu\/wp-json\/wp\/v2\/media\/3055"}],"wp:attachment":[{"href":"https:\/\/22media.sk\/hu\/wp-json\/wp\/v2\/media?parent=3069"}],"wp:term":[{"taxonomy":"category","embeddable":true,"href":"https:\/\/22media.sk\/hu\/wp-json\/wp\/v2\/categories?post=3069"},{"taxonomy":"post_tag","embeddable":true,"href":"https:\/\/22media.sk\/hu\/wp-json\/wp\/v2\/tags?post=3069"}],"curies":[{"name":"wp","href":"https:\/\/api.w.org\/{rel}","templated":true}]}}